{"id":75294,"global_id":"www.meinesuedstadt.de\/termine?id=75294","global_id_lineage":["www.meinesuedstadt.de\/termine?id=75294"],"author":"3","status":"publish","date":"2025-07-08 07:31:51","date_utc":"2025-07-08 05:31:51","modified":"2025-07-08 07:31:51","modified_utc":"2025-07-08 05:31:51","url":"https:\/\/www.meinesuedstadt.de\/termine\/event\/soft-intentions\/2025-07-31\/","rest_url":"https:\/\/www.meinesuedstadt.de\/termine\/wp-json\/tribe\/events\/v1\/events\/75294","title":"soft intentions","description":"<p>In der Ausstellung soft intentions geht es um Softness in all ihren Facetten: um weiche, textile Materialien, aber auch um K\u00f6rperlichkeit, Emotionalit\u00e4t, Verletzlichkeit, Emotional Labor und Care-Arbeit. Ein softes Experiment, ein Raum f\u00fcr von Z\u00e4rtlichkeit geleitetes Handeln, Nahbarkeit und achtsames Miteinander. Eine Einladung, zu erkunden, inwieweit Softness auch widerst\u00e4ndig sein kann.<br \/>\nDie Ausstellung baut auf der k\u00fcnstlerischen Arbeit Wir in der H\u00f6hle der K\u00f6lner K\u00fcnstlerin Sophia Schach auf, die sie bisher in verschiedenen Formen und Gr\u00f6\u00dfen an unterschiedlichen Orten der Stadt realisiert hat. F\u00fcr soft intentions entwickelt sie eine neue, ortsspezifische Version der textilen Installation, die sich erstmals im Verlauf der Ausstellung ver\u00e4ndern wird \u2013 neue H\u00f6hlen entstehen oder werden abgebaut, auch gemeinsam mit Besucher*innen. Wir in der H\u00f6hle ist nicht nur begehbare Installation und R\u00fcckzugsort \u2013 eine kleine, eigene Welt f\u00fcr Fantasie und Spiel \u2013 sondern ist auch B\u00fchne f\u00fcr ein umfangreiches, interdisziplin\u00e4res Rahmenprogramm mit Performances, Workshops, Konzert und Reading Sessions.<br \/>\nDie Ausstellung findet im Rahmen des 10-j\u00e4hrigen Jubil\u00e4ums des queer-feministischen Kollektivs And She Was Like: B\u00c4M! statt und wird von Amelie Gappa kuratiert.<br \/>\nAusstellungsdauer: 18.7.-1.8.2025<\/p>\n<p> DONNERSTAG, 31.07.: 16\u201319 Uhr<\/p>\n<p> FREITAG, 01.08.: Finissage, 18\u201322 Uhr<br \/>\n19 Uhr, Performance: Juliane Schmitt, pillow-talk<br \/>\n20 Uhr, Konzert: Ugn\u0117 Uma<br \/>\nGef\u00f6rdert durch: Kulturamt K\u00f6ln <\/p>","excerpt":"","slug":"soft-intentions-2025-07-31","image":{"url":"https:\/\/www.meinesuedstadt.de\/termine\/wp-content\/uploads\/2025\/07\/2UeqxZve6U4h.jpg","id":75287,"extension":"jpg","width":352,"height":500,"filesize":68753,"sizes":{"thumbnail":{"width":300,"height":426,"mime-type":"image\/jpeg","filesize":28681,"url":"https:\/\/www.meinesuedstadt.de\/termine\/wp-content\/uploads\/2025\/07\/2UeqxZve6U4h-300x426.jpg"}}},"all_day":false,"start_date":"2025-07-31 16:00:00","start_date_details":{"year":"2025","month":"07","day":"31","hour":"16","minutes":"00","seconds":"00"},"end_date":"2025-07-31 22:00:00","end_date_details":{"year":"2025","month":"07","day":"31","hour":"22","minutes":"00","seconds":"00"},"utc_start_date":"2025-07-31 14:00:00","utc_start_date_details":{"year":"2025","month":"07","day":"31","hour":"14","minutes":"00","seconds":"00"},"utc_end_date":"2025-07-31 20:00:00","utc_end_date_details":{"year":"2025","month":"07","day":"31","hour":"20","minutes":"00","seconds":"00"},"timezone":"Europe\/Berlin","timezone_abbr":"","cost":"Kostenlos","cost_details":{"currency_symbol":"\u20ac","currency_code":"USD","currency_position":"suffix","values":["0"]},"website":"","show_map":false,"show_map_link":true,"hide_from_listings":false,"sticky":false,"featured":false,"categories":[{"name":"Ausstellung","slug":"ausstellung","term_group":0,"term_taxonomy_id":43,"taxonomy":"tribe_events_cat","description":"","parent":0,"count":1691,"filter":"raw","id":43,"urls":{"self":"https:\/\/www.meinesuedstadt.de\/termine\/wp-json\/tribe\/events\/v1\/categories\/43","collection":"https:\/\/www.meinesuedstadt.de\/termine\/wp-json\/tribe\/events\/v1\/categories"}}],"tags":[],"venue":{"id":19121,"author":"3","status":"publish","date":"2019-08-15 23:15:05","date_utc":"2019-08-15 21:15:05","modified":"2020-10-22 08:24:43","modified_utc":"2020-10-22 06:24:43","url":"https:\/\/www.meinesuedstadt.de\/termine\/veranstaltungsort\/kunsthaus-rhenania-halle\/","venue":"Kunsthafen","slug":"kunsthaus-rhenania-halle","address":"Bayenstra\u00dfe 28","city":"K\u00f6ln","country":"Deutschland","zip":"50678","geo_lat":50.9281824,"geo_lng":6.9634648,"json_ld":{"@type":"Place","name":"Kunsthafen","description":"","url":"https:\/\/www.meinesuedstadt.de\/termine\/veranstaltungsort\/kunsthaus-rhenania-halle\/","address":{"@type":"PostalAddress","streetAddress":"Bayenstra\u00dfe 28","addressLocality":"K\u00f6ln","postalCode":"50678","addressCountry":"Deutschland"},"geo":{"@type":"GeoCoordinates","latitude":50.9281824,"longitude":6.9634648},"telephone":"","sameAs":""},"show_map":true,"show_map_link":true,"global_id":"www.meinesuedstadt.de\/termine?id=19121","global_id_lineage":["www.meinesuedstadt.de\/termine?id=19121"]},"organizer":[],"custom_fields":[],"json_ld":{"@context":"http:\/\/schema.org","@type":"Event","name":"soft intentions","description":"&lt;p&gt;In der Ausstellung soft intentions geht es um Softness in all ihren Facetten: um weiche, textile Materialien, aber auch um K\u00f6rperlichkeit, Emotionalit\u00e4t, Verletzlichkeit, Emotional Labor und Care-Arbeit. Ein softes Experiment, [&hellip;]&lt;\/p&gt;\\n","image":"https:\/\/www.meinesuedstadt.de\/termine\/wp-content\/uploads\/2025\/07\/2UeqxZve6U4h.jpg","url":"https:\/\/www.meinesuedstadt.de\/termine\/event\/soft-intentions\/2025-07-31\/","eventAttendanceMode":"https:\/\/schema.org\/OfflineEventAttendanceMode","eventStatus":"https:\/\/schema.org\/EventScheduled","startDate":"2025-07-31T16:00:00+02:00","endDate":"2025-07-31T22:00:00+02:00","location":{"@type":"Place","name":"Kunsthafen","description":"","url":"https:\/\/www.meinesuedstadt.de\/termine\/veranstaltungsort\/kunsthaus-rhenania-halle\/","address":{"@type":"PostalAddress","streetAddress":"Bayenstra\u00dfe 28","addressLocality":"K\u00f6ln","postalCode":"50678","addressCountry":"Deutschland"},"geo":{"@type":"GeoCoordinates","latitude":50.9281824,"longitude":6.9634648},"telephone":"","sameAs":""},"offers":{"@type":"Offer","price":"0","priceCurrency":"USD","url":"https:\/\/www.meinesuedstadt.de\/termine\/event\/soft-intentions\/2025-07-31\/","category":"primary","availability":"inStock","validFrom":"2026-07-08T11:25:00+00:00"},"performer":"Organization"},"is_virtual":false,"virtual_url":null,"virtual_video_source":""}