{"id":75880,"global_id":"www.meinesuedstadt.de\/termine?id=75880","global_id_lineage":["www.meinesuedstadt.de\/termine?id=75880"],"author":"3","status":"publish","date":"2025-07-28 21:20:59","date_utc":"2025-07-28 19:20:59","modified":"2025-07-28 21:20:59","modified_utc":"2025-07-28 19:20:59","url":"https:\/\/www.meinesuedstadt.de\/termine\/event\/wir-25-jahre-galerie-werner-klein\/2025-09-11\/","rest_url":"https:\/\/www.meinesuedstadt.de\/termine\/wp-json\/tribe\/events\/v1\/events\/75880","title":"WIR &#8211; 25 Jahre Galerie Werner Klein","description":"<p>Karoline Br\u00f6ckel, Christian Frosch, Katharina Hinsberg, Linda Karshan, Anne Koskinen, Malte Spohr, Christiane L\u00f6hr, Barbara Camilla Tucholski, Wonkun Jun, Sebastian Rug, Bettina Blohm, Hanns Schimansky, Heinrich K\u00fcpper, Thomas M\u00fcller, Rozbeh Asmani, Danica Phelps, Christian Weihrauch, Maja Majer-Wallat, Klaus Mosettig, Ines Spanier, Oswald Egger, Oliver Thie<br \/>\nIm Oktober 2000 wurde die Galerie im ersten Stock in der K\u00f6lner Innenstadt im Perlenpfuhl 4 er\u00f6ffnet. 2006 zog sie an ihren jetzigen Standort in der K\u00f6lner S\u00fcdstadt, in den dritten Stock der Volksgartenstra\u00dfe 10. In den vergangenen 25 Jahren wurden rund 150 Ausstellungen mit Werken von rund 50 K\u00fcnstlerInnen er\u00f6ffnet, die meisten davon Einzelausstellungen.<br \/>\nAnfangs wurden noch alle Kunstgattungen ausgestellt, darunter auch Fotografie und Skulptur. Ab 2004 konzentrierte sich das Programm immer st\u00e4rker auf Zeichnung und konzeptuelle Malerei. Gerade im Bereich der Zeichnung ist die Galerie zu einem der wichtigsten Standorte in der deutschen Kunstlandschaft geworden.<br \/>\nVon Anfang an ging es um mehr als eine Aneinanderreihung von Ausstellungen. Daher lautete der Titel der dritten Ausstellung 2001 WIR, in der Werke der f\u00fcnf zu diesem Zeitpunkt von der Galerie vertretenen K\u00fcnstlerInnen gezeigt. Wir greifen den Titel nach 25 Jahren gerne auf und pr\u00e4sentieren Werke der 22 K\u00fcnstlerInnen, die wir vertreten.<br \/>\nEs ging und geht in der Galerie Werner Klein darum einen Ort zu schaffen, darum K\u00fcnstlerInnen, SammlerInnen, JournalistInnen, KuratorInnen und alle anderen KunstliebhaberInnen zusammenzubringen, um sich gemeinsam der Kunst und einander voller Neugier mit Respekt und Achtsamkeit zuwenden.<br \/>\nAusstellungsdauer: 6. September bis 4. Oktober 2025<br \/>\n\u00d6ffnungszeiten: Mittwoch bis Freitag, 14-18 Uhr, Samstag 11-15 Uhr<\/p>","excerpt":"","slug":"wir-25-jahre-galerie-werner-klein-2025-09-11","image":{"url":"https:\/\/www.meinesuedstadt.de\/termine\/wp-content\/uploads\/2025\/07\/WIREK.jpg","id":75878,"extension":"jpg","width":545,"height":500,"filesize":92795,"sizes":{"thumbnail":{"width":300,"height":275,"mime-type":"image\/jpeg","filesize":13466,"url":"https:\/\/www.meinesuedstadt.de\/termine\/wp-content\/uploads\/2025\/07\/WIREK-300x275.jpg"}}},"all_day":false,"start_date":"2025-09-11 14:00:00","start_date_details":{"year":"2025","month":"09","day":"11","hour":"14","minutes":"00","seconds":"00"},"end_date":"2025-09-11 18:00:00","end_date_details":{"year":"2025","month":"09","day":"11","hour":"18","minutes":"00","seconds":"00"},"utc_start_date":"2025-09-11 12:00:00","utc_start_date_details":{"year":"2025","month":"09","day":"11","hour":"12","minutes":"00","seconds":"00"},"utc_end_date":"2025-09-11 16:00:00","utc_end_date_details":{"year":"2025","month":"09","day":"11","hour":"16","minutes":"00","seconds":"00"},"timezone":"Europe\/Berlin","timezone_abbr":"","cost":"Kostenlos","cost_details":{"currency_symbol":"\u20ac","currency_code":"USD","currency_position":"suffix","values":["0"]},"website":"","show_map":false,"show_map_link":true,"hide_from_listings":false,"sticky":false,"featured":false,"categories":[{"name":"Ausstellung","slug":"ausstellung","term_group":0,"term_taxonomy_id":43,"taxonomy":"tribe_events_cat","description":"","parent":0,"count":1691,"filter":"raw","id":43,"urls":{"self":"https:\/\/www.meinesuedstadt.de\/termine\/wp-json\/tribe\/events\/v1\/categories\/43","collection":"https:\/\/www.meinesuedstadt.de\/termine\/wp-json\/tribe\/events\/v1\/categories"}}],"tags":[],"venue":{"id":2517,"author":"3","status":"publish","date":"2018-01-17 23:06:38","date_utc":"2018-01-17 22:06:38","modified":"2018-01-17 23:06:38","modified_utc":"2018-01-17 22:06:38","url":"https:\/\/www.meinesuedstadt.de\/termine\/veranstaltungsort\/galerie-werner-klein\/","venue":"Galerie Werner Klein","slug":"galerie-werner-klein","address":"Volksgartenstra\u00dfe 10","city":"K\u00f6ln","country":"Deutschland","zip":"50677","phone":"0221 2585112","website":"www.galeriewernerklein.de","geo_lat":50.9204787,"geo_lng":6.9531472,"json_ld":{"@type":"Place","name":"Galerie Werner Klein","description":"","url":"https:\/\/www.meinesuedstadt.de\/termine\/veranstaltungsort\/galerie-werner-klein\/","address":{"@type":"PostalAddress","streetAddress":"Volksgartenstra\u00dfe 10","addressLocality":"K\u00f6ln","postalCode":"50677","addressCountry":"Deutschland"},"geo":{"@type":"GeoCoordinates","latitude":50.9204787,"longitude":6.9531472},"telephone":"0221 2585112","sameAs":"www.galeriewernerklein.de"},"show_map":true,"show_map_link":true,"global_id":"www.meinesuedstadt.de\/termine?id=2517","global_id_lineage":["www.meinesuedstadt.de\/termine?id=2517"]},"organizer":[{"id":2518,"author":"3","status":"publish","date":"2018-01-17 23:06:38","date_utc":"2018-01-17 22:06:38","modified":"2018-01-17 23:06:38","modified_utc":"2018-01-17 22:06:38","url":"https:\/\/www.meinesuedstadt.de\/termine\/veranstalter\/galerie-werner-klein\/","organizer":"Galerie Werner Klein","slug":"galerie-werner-klein","phone":"0221 2585112","website":"www.galeriewernerklein.de","email":"info@galeriewernerklein.de","json_ld":{"@type":"Person","name":"Galerie Werner Klein","description":"","url":"http:\/\/www.galeriewernerklein.de","telephone":"0221 2585112","email":"&#105;nf&#111;&#64;ga&#108;&#101;&#114;&#105;&#101;&#119;e&#114;&#110;er&#107;l&#101;&#105;n.de","sameAs":"http:\/\/www.galeriewernerklein.de"},"global_id":"www.meinesuedstadt.de\/termine?id=2518","global_id_lineage":["www.meinesuedstadt.de\/termine?id=2518"]}],"custom_fields":[],"json_ld":{"@context":"http:\/\/schema.org","@type":"Event","name":"WIR &#8211; 25 Jahre Galerie Werner Klein","description":"&lt;p&gt;Karoline Br\u00f6ckel, Christian Frosch, Katharina Hinsberg, Linda Karshan, Anne Koskinen, Malte Spohr, Christiane L\u00f6hr, Barbara Camilla Tucholski, Wonkun Jun, Sebastian Rug, Bettina Blohm, Hanns Schimansky, Heinrich K\u00fcpper, Thomas M\u00fcller, Rozbeh [&hellip;]&lt;\/p&gt;\\n","image":"https:\/\/www.meinesuedstadt.de\/termine\/wp-content\/uploads\/2025\/07\/WIREK.jpg","url":"https:\/\/www.meinesuedstadt.de\/termine\/event\/wir-25-jahre-galerie-werner-klein\/2025-09-11\/","eventAttendanceMode":"https:\/\/schema.org\/OfflineEventAttendanceMode","eventStatus":"https:\/\/schema.org\/EventScheduled","startDate":"2025-09-11T14:00:00+02:00","endDate":"2025-09-11T18:00:00+02:00","location":{"@type":"Place","name":"Galerie Werner Klein","description":"","url":"https:\/\/www.meinesuedstadt.de\/termine\/veranstaltungsort\/galerie-werner-klein\/","address":{"@type":"PostalAddress","streetAddress":"Volksgartenstra\u00dfe 10","addressLocality":"K\u00f6ln","postalCode":"50677","addressCountry":"Deutschland"},"geo":{"@type":"GeoCoordinates","latitude":50.9204787,"longitude":6.9531472},"telephone":"0221 2585112","sameAs":"www.galeriewernerklein.de"},"organizer":{"@type":"Person","name":"Galerie Werner Klein","description":"","url":"http:\/\/www.galeriewernerklein.de","telephone":"0221 2585112","email":"i&#110;&#102;&#111;&#64;ga&#108;e&#114;iew&#101;&#114;ne&#114;&#107;l&#101;i&#110;&#46;&#100;e","sameAs":"http:\/\/www.galeriewernerklein.de"},"offers":{"@type":"Offer","price":"0","priceCurrency":"USD","url":"https:\/\/www.meinesuedstadt.de\/termine\/event\/wir-25-jahre-galerie-werner-klein\/2025-09-11\/","category":"primary","availability":"inStock","validFrom":"2026-07-28T11:25:00+00:00"},"performer":"Organization"},"is_virtual":false,"virtual_url":null,"virtual_video_source":""}