{"id":76548,"global_id":"www.meinesuedstadt.de\/termine?id=76548","global_id_lineage":["www.meinesuedstadt.de\/termine?id=76548"],"author":"3","status":"publish","date":"2025-08-18 13:02:45","date_utc":"2025-08-18 11:02:45","modified":"2025-08-18 13:02:45","modified_utc":"2025-08-18 11:02:45","url":"https:\/\/www.meinesuedstadt.de\/termine\/event\/ausstellung-foto-workshop-winzerveedel\/","rest_url":"https:\/\/www.meinesuedstadt.de\/termine\/wp-json\/tribe\/events\/v1\/events\/76548","title":"Ausstellung Foto-Workshop Winzerveedel","description":"<p>Im Sommer 2025 haben sich 13 Teilnehmer:innen auf dokumentarische und k\u00fcnstlerische Motivsuche im  Winzerveedel gemacht. Durch die unterschiedlichen Sichtweisen und Perspektiven pr\u00e4sentiert die Ausstellung besondere Lichtsituationen, ungew\u00f6hnliche Blickwinkel, Stra\u00dfenfluchten und Detailaufnahmen. Die Fotos sind mit Smartphone und Digitalkamera entstanden.<br \/>\nDie Fotos werden am Donnerstag, 28.08.2025, 19-21 Uhr im Haus Gotland e.V. (Volksgarten) pr\u00e4sentiert.<br \/>\nDer Eintritt ist frei.<\/p>\n<p>Konzeption und Realisation: Jakub Kaliszewski (Fotograf) &#038; Bettina Brucker (IG Winzerveedel)<\/p>","excerpt":"","slug":"ausstellung-foto-workshop-winzerveedel","image":{"url":"https:\/\/www.meinesuedstadt.de\/termine\/wp-content\/uploads\/2025\/08\/Plakat-Fotoausstellung_fertig_2025_franklin-schatten_3.jpeg","id":76549,"extension":"jpeg","width":452,"height":640,"filesize":81801,"sizes":{"thumbnail":{"width":300,"height":425,"mime-type":"image\/jpeg","filesize":25505,"url":"https:\/\/www.meinesuedstadt.de\/termine\/wp-content\/uploads\/2025\/08\/Plakat-Fotoausstellung_fertig_2025_franklin-schatten_3-300x425.jpeg"}}},"all_day":false,"start_date":"2025-08-28 19:00:00","start_date_details":{"year":"2025","month":"08","day":"28","hour":"19","minutes":"00","seconds":"00"},"end_date":"2025-08-28 21:00:00","end_date_details":{"year":"2025","month":"08","day":"28","hour":"21","minutes":"00","seconds":"00"},"utc_start_date":"2025-08-28 17:00:00","utc_start_date_details":{"year":"2025","month":"08","day":"28","hour":"17","minutes":"00","seconds":"00"},"utc_end_date":"2025-08-28 19:00:00","utc_end_date_details":{"year":"2025","month":"08","day":"28","hour":"19","minutes":"00","seconds":"00"},"timezone":"Europe\/Berlin","timezone_abbr":"CEST","cost":"Kostenlos","cost_details":{"currency_symbol":"\u20ac","currency_code":"USD","currency_position":"suffix","values":["0"]},"website":"","show_map":false,"show_map_link":true,"hide_from_listings":false,"sticky":false,"featured":false,"categories":[{"name":"Ausstellung","slug":"ausstellung","term_group":0,"term_taxonomy_id":43,"taxonomy":"tribe_events_cat","description":"","parent":0,"count":1691,"filter":"raw","id":43,"urls":{"self":"https:\/\/www.meinesuedstadt.de\/termine\/wp-json\/tribe\/events\/v1\/categories\/43","collection":"https:\/\/www.meinesuedstadt.de\/termine\/wp-json\/tribe\/events\/v1\/categories"}}],"tags":[],"venue":{"id":55598,"author":"3","status":"publish","date":"2024-04-07 15:15:15","date_utc":"2024-04-07 13:15:15","modified":"2024-04-07 15:15:15","modified_utc":"2024-04-07 13:15:15","url":"https:\/\/www.meinesuedstadt.de\/termine\/veranstaltungsort\/gotland\/","venue":"Gotland","slug":"gotland","address":"Vorgebirgswall 29","city":"K\u00f6ln","zip":"50677","geo_lat":50.919591,"geo_lng":6.9463967,"json_ld":{"@type":"Place","name":"Gotland","description":"","url":"https:\/\/www.meinesuedstadt.de\/termine\/veranstaltungsort\/gotland\/","address":{"@type":"PostalAddress","streetAddress":"Vorgebirgswall 29","addressLocality":"K\u00f6ln","postalCode":"50677"},"geo":{"@type":"GeoCoordinates","latitude":50.919591,"longitude":6.9463967},"telephone":"","sameAs":""},"show_map":true,"show_map_link":true,"global_id":"www.meinesuedstadt.de\/termine?id=55598","global_id_lineage":["www.meinesuedstadt.de\/termine?id=55598"]},"organizer":[],"custom_fields":[],"json_ld":{"@context":"http:\/\/schema.org","@type":"Event","name":"Ausstellung Foto-Workshop Winzerveedel","description":"&lt;p&gt;Im Sommer 2025 haben sich 13 Teilnehmer:innen auf dokumentarische und k\u00fcnstlerische Motivsuche im Winzerveedel gemacht. Durch die unterschiedlichen Sichtweisen und Perspektiven pr\u00e4sentiert die Ausstellung besondere Lichtsituationen, ungew\u00f6hnliche Blickwinkel, Stra\u00dfenfluchten und [&hellip;]&lt;\/p&gt;\\n","image":"https:\/\/www.meinesuedstadt.de\/termine\/wp-content\/uploads\/2025\/08\/Plakat-Fotoausstellung_fertig_2025_franklin-schatten_3.jpeg","url":"https:\/\/www.meinesuedstadt.de\/termine\/event\/ausstellung-foto-workshop-winzerveedel\/","eventAttendanceMode":"https:\/\/schema.org\/OfflineEventAttendanceMode","eventStatus":"https:\/\/schema.org\/EventScheduled","startDate":"2025-08-28T19:00:00+02:00","endDate":"2025-08-28T21:00:00+02:00","location":{"@type":"Place","name":"Gotland","description":"","url":"https:\/\/www.meinesuedstadt.de\/termine\/veranstaltungsort\/gotland\/","address":{"@type":"PostalAddress","streetAddress":"Vorgebirgswall 29","addressLocality":"K\u00f6ln","postalCode":"50677"},"geo":{"@type":"GeoCoordinates","latitude":50.919591,"longitude":6.9463967},"telephone":"","sameAs":""},"offers":{"@type":"Offer","price":"0","priceCurrency":"USD","url":"https:\/\/www.meinesuedstadt.de\/termine\/event\/ausstellung-foto-workshop-winzerveedel\/","category":"primary","availability":"inStock","validFrom":"2025-08-18T00:00:00+00:00"},"performer":"Organization"},"is_virtual":false,"virtual_url":null,"virtual_video_source":""}