{"id":76611,"global_id":"www.meinesuedstadt.de\/termine?id=76611","global_id_lineage":["www.meinesuedstadt.de\/termine?id=76611"],"author":"3","status":"publish","date":"2025-08-04 22:35:41","date_utc":"2025-08-04 20:35:41","modified":"2025-08-04 22:35:41","modified_utc":"2025-08-04 20:35:41","url":"https:\/\/www.meinesuedstadt.de\/termine\/event\/was-uns-verbindet\/2025-08-28\/","rest_url":"https:\/\/www.meinesuedstadt.de\/termine\/wp-json\/tribe\/events\/v1\/events\/76611","title":"Was uns verbindet","description":"<p>Sandra (VALERIA BRUNI TEDESCHI), eine alleinstehende Frau in den F\u00fcnfzigern, lebt ein unabh\u00e4ngiges Leben frei von Konventionen. Als das Paar aus der Nachbarwohnung zur Entbindung ihres Kindes ins Krankenhaus muss, erkl\u00e4rt sich Sandra widerwillig bereit, sich um den kleinen Sohn Elliot zu k\u00fcmmern und ahnt nicht, damit zu einer wichtigen Bezugsperson f\u00fcr die ganze Familie zu werden. Was als vor\u00fcbergehende Hilfe begann, f\u00fchrt zu einer unerwartet tiefen Bindung.<\/p>","excerpt":"","slug":"was-uns-verbindet-2025-08-28","image":{"url":"https:\/\/www.meinesuedstadt.de\/termine\/wp-content\/uploads\/2025\/08\/6f4b718436b554d62f619dbffcd322df.jpeg","id":76459,"extension":"jpeg","width":600,"height":496,"filesize":99921,"sizes":{"thumbnail":{"width":300,"height":248,"mime-type":"image\/jpeg","filesize":15508,"url":"https:\/\/www.meinesuedstadt.de\/termine\/wp-content\/uploads\/2025\/08\/6f4b718436b554d62f619dbffcd322df-300x248.jpeg"}}},"all_day":false,"start_date":"2025-08-28 16:00:00","start_date_details":{"year":"2025","month":"08","day":"28","hour":"16","minutes":"00","seconds":"00"},"end_date":"2025-08-28 16:00:00","end_date_details":{"year":"2025","month":"08","day":"28","hour":"16","minutes":"00","seconds":"00"},"utc_start_date":"2025-08-28 14:00:00","utc_start_date_details":{"year":"2025","month":"08","day":"28","hour":"14","minutes":"00","seconds":"00"},"utc_end_date":"2025-08-28 14:00:00","utc_end_date_details":{"year":"2025","month":"08","day":"28","hour":"14","minutes":"00","seconds":"00"},"timezone":"Europe\/Berlin","timezone_abbr":"","cost":"6\u20ac \u2013 10\u20ac","cost_details":{"currency_symbol":"\u20ac","currency_code":"USD","currency_position":"suffix","values":["6","10"]},"website":"","show_map":false,"show_map_link":true,"hide_from_listings":false,"sticky":false,"featured":false,"categories":[{"name":"Kino","slug":"kino","term_group":0,"term_taxonomy_id":82,"taxonomy":"tribe_events_cat","description":"","parent":0,"count":869,"filter":"raw","id":82,"urls":{"self":"https:\/\/www.meinesuedstadt.de\/termine\/wp-json\/tribe\/events\/v1\/categories\/82","collection":"https:\/\/www.meinesuedstadt.de\/termine\/wp-json\/tribe\/events\/v1\/categories"}}],"tags":[],"venue":{"id":1634,"author":"3","status":"publish","date":"2018-01-08 09:38:14","date_utc":"2018-01-08 08:38:14","modified":"2018-01-08 09:38:14","modified_utc":"2018-01-08 08:38:14","url":"https:\/\/www.meinesuedstadt.de\/termine\/veranstaltungsort\/odeon-kino\/","venue":"Odeon Kino","slug":"odeon-kino","address":"Severinstra\u00dfe 81","city":"K\u00f6ln","country":"Deutschland","zip":"50678","phone":"0221 313110","website":"http:\/\/www.odeon-koeln.de","geo_lat":50.9253452,"geo_lng":6.9581313,"json_ld":{"@type":"Place","name":"Odeon Kino","description":"","url":"https:\/\/www.meinesuedstadt.de\/termine\/veranstaltungsort\/odeon-kino\/","address":{"@type":"PostalAddress","streetAddress":"Severinstra\u00dfe 81","addressLocality":"K\u00f6ln","postalCode":"50678","addressCountry":"Deutschland"},"geo":{"@type":"GeoCoordinates","latitude":50.9253452,"longitude":6.9581313},"telephone":"0221 313110","sameAs":"http:\/\/www.odeon-koeln.de"},"show_map":true,"show_map_link":true,"global_id":"www.meinesuedstadt.de\/termine?id=1634","global_id_lineage":["www.meinesuedstadt.de\/termine?id=1634"]},"organizer":[{"id":1635,"author":"3","status":"publish","date":"2018-01-08 09:38:14","date_utc":"2018-01-08 08:38:14","modified":"2018-01-08 09:38:14","modified_utc":"2018-01-08 08:38:14","url":"https:\/\/www.meinesuedstadt.de\/termine\/veranstalter\/odeon-kino\/","organizer":"Odeon Kino","slug":"odeon-kino","phone":"0221 313110","website":"http:\/\/www.odeon-koeln.de","json_ld":{"@type":"Person","name":"Odeon Kino","description":"","url":"http:\/\/www.odeon-koeln.de","telephone":"0221 313110","email":"","sameAs":"http:\/\/www.odeon-koeln.de"},"global_id":"www.meinesuedstadt.de\/termine?id=1635","global_id_lineage":["www.meinesuedstadt.de\/termine?id=1635"]}],"custom_fields":[],"json_ld":{"@context":"http:\/\/schema.org","@type":"Event","name":"Was uns verbindet","description":"&lt;p&gt;Sandra (VALERIA BRUNI TEDESCHI), eine alleinstehende Frau in den F\u00fcnfzigern, lebt ein unabh\u00e4ngiges Leben frei von Konventionen. Als das Paar aus der Nachbarwohnung zur Entbindung ihres Kindes ins Krankenhaus muss, [&hellip;]&lt;\/p&gt;\\n","image":"https:\/\/www.meinesuedstadt.de\/termine\/wp-content\/uploads\/2025\/08\/6f4b718436b554d62f619dbffcd322df.jpeg","url":"https:\/\/www.meinesuedstadt.de\/termine\/event\/was-uns-verbindet\/2025-08-28\/","eventAttendanceMode":"https:\/\/schema.org\/OfflineEventAttendanceMode","eventStatus":"https:\/\/schema.org\/EventScheduled","startDate":"2025-08-28T16:00:00+02:00","endDate":"2025-08-28T16:00:00+02:00","location":{"@type":"Place","name":"Odeon Kino","description":"","url":"https:\/\/www.meinesuedstadt.de\/termine\/veranstaltungsort\/odeon-kino\/","address":{"@type":"PostalAddress","streetAddress":"Severinstra\u00dfe 81","addressLocality":"K\u00f6ln","postalCode":"50678","addressCountry":"Deutschland"},"geo":{"@type":"GeoCoordinates","latitude":50.9253452,"longitude":6.9581313},"telephone":"0221 313110","sameAs":"http:\/\/www.odeon-koeln.de"},"organizer":{"@type":"Person","name":"Odeon Kino","description":"","url":"http:\/\/www.odeon-koeln.de","telephone":"0221 313110","email":"","sameAs":"http:\/\/www.odeon-koeln.de"},"offers":{"@type":"Offer","price":"6 \u2013 10","priceCurrency":"USD","url":"https:\/\/www.meinesuedstadt.de\/termine\/event\/was-uns-verbindet\/2025-08-28\/","category":"primary","availability":"inStock","validFrom":"2025-08-04T00:00:00+00:00"},"performer":"Organization"},"is_virtual":false,"virtual_url":null,"virtual_video_source":""}