{"id":76865,"global_id":"www.meinesuedstadt.de\/termine?id=76865","global_id_lineage":["www.meinesuedstadt.de\/termine?id=76865"],"author":"3","status":"publish","date":"2025-08-26 08:04:04","date_utc":"2025-08-26 06:04:04","modified":"2025-09-14 08:24:45","modified_utc":"2025-09-14 06:24:45","url":"https:\/\/www.meinesuedstadt.de\/termine\/event\/in-die-sonne-schauen-2025-09-01-2025-09-07\/2025-09-15\/","rest_url":"https:\/\/www.meinesuedstadt.de\/termine\/wp-json\/tribe\/events\/v1\/events\/76865","title":"In die Sonne schauen","description":"<p>Ein abgeschiedener Vierseitenhof in der Altmark. Die W\u00e4nde atmen seit \u00fcber einem Jahrhundert das Leben der Menschen, die hier wohnen, ihren Geschmack, ihr Sein in der Zeit. IN DIE SONNE SCHAUEN erz\u00e4hlt von vier Frauen aus unterschiedlichen Epochen \u2013 Alma (1910er), Erika (1940er), Angelika (1980er) und Nelly (2020er) \u2013 deren Leben auf unheimliche Weise miteinander verwoben sind. Jede von ihnen erlebt ihre Kindheit oder Jugend auf diesem Hof, doch w\u00e4hrend sie ihre eigene Gegenwart durchstreifen, offenbaren sich ihnen Spuren der Vergangenheit \u2013 unausgesprochene \u00c4ngste, verdr\u00e4ngte Traumata, versch\u00fcttete Geheimnisse. Alma entdeckt, dass sie nach ihrer verstorbenen Schwester benannt wurde und glaubt, dem gleichen Schicksal folgen zu m\u00fcssen. Erika verliert sich in einer gef\u00e4hrlichen Faszination f\u00fcr ihren versehrten Onkel. Angelika balanciert zwischen Todessehnsucht und Lebensgier, gefangen in einem br\u00fcchigen Familiensystem. Nelly schlie\u00dflich, die in scheinbarer Geborgenheit aufw\u00e4chst, wird von intensiven Tr\u00e4umen und der unbewussten Last der Vergangenheit heimgesucht. Als sich ein tragisches Ereignis auf dem Hof wiederholt, geraten die Grenzen zwischen Vergangenheit und Gegenwart ins Wanken.<\/p>","excerpt":"","slug":"in-die-sonne-schauen-2025-09-01-2025-09-07","image":{"url":"https:\/\/www.meinesuedstadt.de\/termine\/wp-content\/uploads\/2025\/08\/0d62edd6d9f03f13768cf619b65f1b67.jpeg","id":76621,"extension":"jpeg","width":600,"height":413,"filesize":47997,"sizes":{"thumbnail":{"width":300,"height":207,"mime-type":"image\/jpeg","filesize":6835,"url":"https:\/\/www.meinesuedstadt.de\/termine\/wp-content\/uploads\/2025\/08\/0d62edd6d9f03f13768cf619b65f1b67-300x207.jpeg"}}},"all_day":false,"start_date":"2025-09-15 16:30:00","start_date_details":{"year":"2025","month":"09","day":"15","hour":"16","minutes":"30","seconds":"00"},"end_date":"2025-09-15 16:30:00","end_date_details":{"year":"2025","month":"09","day":"15","hour":"16","minutes":"30","seconds":"00"},"utc_start_date":"2025-09-15 14:30:00","utc_start_date_details":{"year":"2025","month":"09","day":"15","hour":"14","minutes":"30","seconds":"00"},"utc_end_date":"2025-09-15 14:30:00","utc_end_date_details":{"year":"2025","month":"09","day":"15","hour":"14","minutes":"30","seconds":"00"},"timezone":"Europe\/Berlin","timezone_abbr":"CEST","cost":"6\u20ac \u2013 10\u20ac","cost_details":{"currency_symbol":"\u20ac","currency_code":"USD","currency_position":"suffix","values":["6","10"]},"website":"","show_map":false,"show_map_link":true,"hide_from_listings":false,"sticky":false,"featured":false,"categories":[{"name":"Kino","slug":"kino","term_group":0,"term_taxonomy_id":82,"taxonomy":"tribe_events_cat","description":"","parent":0,"count":869,"filter":"raw","id":82,"urls":{"self":"https:\/\/www.meinesuedstadt.de\/termine\/wp-json\/tribe\/events\/v1\/categories\/82","collection":"https:\/\/www.meinesuedstadt.de\/termine\/wp-json\/tribe\/events\/v1\/categories"}}],"tags":[],"venue":{"id":1634,"author":"3","status":"publish","date":"2018-01-08 09:38:14","date_utc":"2018-01-08 08:38:14","modified":"2018-01-08 09:38:14","modified_utc":"2018-01-08 08:38:14","url":"https:\/\/www.meinesuedstadt.de\/termine\/veranstaltungsort\/odeon-kino\/","venue":"Odeon Kino","slug":"odeon-kino","address":"Severinstra\u00dfe 81","city":"K\u00f6ln","country":"Deutschland","zip":"50678","phone":"0221 313110","website":"http:\/\/www.odeon-koeln.de","geo_lat":50.9253452,"geo_lng":6.9581313,"json_ld":{"@type":"Place","name":"Odeon Kino","description":"","url":"https:\/\/www.meinesuedstadt.de\/termine\/veranstaltungsort\/odeon-kino\/","address":{"@type":"PostalAddress","streetAddress":"Severinstra\u00dfe 81","addressLocality":"K\u00f6ln","postalCode":"50678","addressCountry":"Deutschland"},"geo":{"@type":"GeoCoordinates","latitude":50.9253452,"longitude":6.9581313},"telephone":"0221 313110","sameAs":"http:\/\/www.odeon-koeln.de"},"show_map":true,"show_map_link":true,"global_id":"www.meinesuedstadt.de\/termine?id=1634","global_id_lineage":["www.meinesuedstadt.de\/termine?id=1634"]},"organizer":[{"id":1635,"author":"3","status":"publish","date":"2018-01-08 09:38:14","date_utc":"2018-01-08 08:38:14","modified":"2018-01-08 09:38:14","modified_utc":"2018-01-08 08:38:14","url":"https:\/\/www.meinesuedstadt.de\/termine\/veranstalter\/odeon-kino\/","organizer":"Odeon Kino","slug":"odeon-kino","phone":"0221 313110","website":"http:\/\/www.odeon-koeln.de","json_ld":{"@type":"Person","name":"Odeon Kino","description":"","url":"http:\/\/www.odeon-koeln.de","telephone":"0221 313110","email":"","sameAs":"http:\/\/www.odeon-koeln.de"},"global_id":"www.meinesuedstadt.de\/termine?id=1635","global_id_lineage":["www.meinesuedstadt.de\/termine?id=1635"]}],"custom_fields":[],"json_ld":{"@context":"http:\/\/schema.org","@type":"Event","name":"In die Sonne schauen","description":"&lt;p&gt;Ein abgeschiedener Vierseitenhof in der Altmark. Die W\u00e4nde atmen seit \u00fcber einem Jahrhundert das Leben der Menschen, die hier wohnen, ihren Geschmack, ihr Sein in der Zeit. IN DIE SONNE [&hellip;]&lt;\/p&gt;\\n","image":"https:\/\/www.meinesuedstadt.de\/termine\/wp-content\/uploads\/2025\/08\/0d62edd6d9f03f13768cf619b65f1b67.jpeg","url":"https:\/\/www.meinesuedstadt.de\/termine\/event\/in-die-sonne-schauen-2025-09-01-2025-09-07\/2025-09-15\/","eventAttendanceMode":"https:\/\/schema.org\/OfflineEventAttendanceMode","eventStatus":"https:\/\/schema.org\/EventScheduled","startDate":"2025-09-15T16:30:00+02:00","endDate":"2025-09-15T16:30:00+02:00","location":{"@type":"Place","name":"Odeon Kino","description":"","url":"https:\/\/www.meinesuedstadt.de\/termine\/veranstaltungsort\/odeon-kino\/","address":{"@type":"PostalAddress","streetAddress":"Severinstra\u00dfe 81","addressLocality":"K\u00f6ln","postalCode":"50678","addressCountry":"Deutschland"},"geo":{"@type":"GeoCoordinates","latitude":50.9253452,"longitude":6.9581313},"telephone":"0221 313110","sameAs":"http:\/\/www.odeon-koeln.de"},"organizer":{"@type":"Person","name":"Odeon Kino","description":"","url":"http:\/\/www.odeon-koeln.de","telephone":"0221 313110","email":"","sameAs":"http:\/\/www.odeon-koeln.de"},"offers":{"@type":"Offer","price":"6 \u2013 10","priceCurrency":"USD","url":"https:\/\/www.meinesuedstadt.de\/termine\/event\/in-die-sonne-schauen-2025-09-01-2025-09-07\/2025-09-15\/","category":"primary","availability":"inStock","validFrom":"2025-08-26T00:00:00+00:00"},"performer":"Organization"},"is_virtual":false,"virtual_url":null,"virtual_video_source":""}