{"id":77056,"global_id":"www.meinesuedstadt.de\/termine?id=77056","global_id_lineage":["www.meinesuedstadt.de\/termine?id=77056"],"author":"3","status":"publish","date":"2025-08-13 21:03:25","date_utc":"2025-08-13 19:03:25","modified":"2025-08-13 21:03:25","modified_utc":"2025-08-13 19:03:25","url":"https:\/\/www.meinesuedstadt.de\/termine\/event\/die-farben-der-zeit-2\/2025-09-15\/","rest_url":"https:\/\/www.meinesuedstadt.de\/termine\/wp-json\/tribe\/events\/v1\/events\/77056","title":"Die Farben der Zeit","description":"<p>Eine unerwartete Erbschaft bringt vier entfernte Verwandte in einem verlassenen Landhaus in der Normandie zusammen, wo sie gemeinsam ihre mysteri\u00f6se Familiengeschichte entdecken. Im Jahr 1895 bricht ihre Vorfahrin Ad\u00e8le im Alter von 21 Jahren nach Paris auf, um dort nach ihrer Mutter zu suchen. Sie erlebt eine Stadt im Aufbruch zur Moderne, den Vormarsch der Fotografie und die Anf\u00e4nge der impressionistischen Malerei. W\u00e4hrend ihre Nachfahren den Spuren dieser au\u00dfergew\u00f6hnlichen Frau folgen, enth\u00fcllen sie nicht nur Ad\u00e8les einzigartige Geschichte, sondern finden auch den Weg zu einer eigenen, gemeinsamen Zukunft.<\/p>","excerpt":"","slug":"die-farben-der-zeit-2-2025-09-15","image":{"url":"https:\/\/www.meinesuedstadt.de\/termine\/wp-content\/uploads\/2024\/11\/2b892378489a0c8d328cfd576a42fdd4-2.jpg","id":75810,"extension":"jpg","width":600,"height":367,"filesize":127008,"sizes":{"thumbnail":{"width":300,"height":184,"mime-type":"image\/jpeg","filesize":15944,"url":"https:\/\/www.meinesuedstadt.de\/termine\/wp-content\/uploads\/2024\/11\/2b892378489a0c8d328cfd576a42fdd4-2-300x184.jpg"}}},"all_day":false,"start_date":"2025-09-15 17:30:00","start_date_details":{"year":"2025","month":"09","day":"15","hour":"17","minutes":"30","seconds":"00"},"end_date":"2025-09-15 17:30:00","end_date_details":{"year":"2025","month":"09","day":"15","hour":"17","minutes":"30","seconds":"00"},"utc_start_date":"2025-09-15 15:30:00","utc_start_date_details":{"year":"2025","month":"09","day":"15","hour":"15","minutes":"30","seconds":"00"},"utc_end_date":"2025-09-15 15:30:00","utc_end_date_details":{"year":"2025","month":"09","day":"15","hour":"15","minutes":"30","seconds":"00"},"timezone":"Europe\/Berlin","timezone_abbr":"","cost":"6\u20ac \u2013 10\u20ac","cost_details":{"currency_symbol":"\u20ac","currency_code":"USD","currency_position":"suffix","values":["6","10"]},"website":"","show_map":false,"show_map_link":true,"hide_from_listings":false,"sticky":false,"featured":false,"categories":[{"name":"Kino","slug":"kino","term_group":0,"term_taxonomy_id":82,"taxonomy":"tribe_events_cat","description":"","parent":0,"count":869,"filter":"raw","id":82,"urls":{"self":"https:\/\/www.meinesuedstadt.de\/termine\/wp-json\/tribe\/events\/v1\/categories\/82","collection":"https:\/\/www.meinesuedstadt.de\/termine\/wp-json\/tribe\/events\/v1\/categories"}}],"tags":[],"venue":{"id":1634,"author":"3","status":"publish","date":"2018-01-08 09:38:14","date_utc":"2018-01-08 08:38:14","modified":"2018-01-08 09:38:14","modified_utc":"2018-01-08 08:38:14","url":"https:\/\/www.meinesuedstadt.de\/termine\/veranstaltungsort\/odeon-kino\/","venue":"Odeon Kino","slug":"odeon-kino","address":"Severinstra\u00dfe 81","city":"K\u00f6ln","country":"Deutschland","zip":"50678","phone":"0221 313110","website":"http:\/\/www.odeon-koeln.de","geo_lat":50.9253452,"geo_lng":6.9581313,"json_ld":{"@type":"Place","name":"Odeon Kino","description":"","url":"https:\/\/www.meinesuedstadt.de\/termine\/veranstaltungsort\/odeon-kino\/","address":{"@type":"PostalAddress","streetAddress":"Severinstra\u00dfe 81","addressLocality":"K\u00f6ln","postalCode":"50678","addressCountry":"Deutschland"},"geo":{"@type":"GeoCoordinates","latitude":50.9253452,"longitude":6.9581313},"telephone":"0221 313110","sameAs":"http:\/\/www.odeon-koeln.de"},"show_map":true,"show_map_link":true,"global_id":"www.meinesuedstadt.de\/termine?id=1634","global_id_lineage":["www.meinesuedstadt.de\/termine?id=1634"]},"organizer":[{"id":1635,"author":"3","status":"publish","date":"2018-01-08 09:38:14","date_utc":"2018-01-08 08:38:14","modified":"2018-01-08 09:38:14","modified_utc":"2018-01-08 08:38:14","url":"https:\/\/www.meinesuedstadt.de\/termine\/veranstalter\/odeon-kino\/","organizer":"Odeon Kino","slug":"odeon-kino","phone":"0221 313110","website":"http:\/\/www.odeon-koeln.de","json_ld":{"@type":"Person","name":"Odeon Kino","description":"","url":"http:\/\/www.odeon-koeln.de","telephone":"0221 313110","email":"","sameAs":"http:\/\/www.odeon-koeln.de"},"global_id":"www.meinesuedstadt.de\/termine?id=1635","global_id_lineage":["www.meinesuedstadt.de\/termine?id=1635"]}],"custom_fields":[],"json_ld":{"@context":"http:\/\/schema.org","@type":"Event","name":"Die Farben der Zeit","description":"&lt;p&gt;Eine unerwartete Erbschaft bringt vier entfernte Verwandte in einem verlassenen Landhaus in der Normandie zusammen, wo sie gemeinsam ihre mysteri\u00f6se Familiengeschichte entdecken. Im Jahr 1895 bricht ihre Vorfahrin Ad\u00e8le im [&hellip;]&lt;\/p&gt;\\n","image":"https:\/\/www.meinesuedstadt.de\/termine\/wp-content\/uploads\/2024\/11\/2b892378489a0c8d328cfd576a42fdd4-2.jpg","url":"https:\/\/www.meinesuedstadt.de\/termine\/event\/die-farben-der-zeit-2\/2025-09-15\/","eventAttendanceMode":"https:\/\/schema.org\/OfflineEventAttendanceMode","eventStatus":"https:\/\/schema.org\/EventScheduled","startDate":"2025-09-15T17:30:00+02:00","endDate":"2025-09-15T17:30:00+02:00","location":{"@type":"Place","name":"Odeon Kino","description":"","url":"https:\/\/www.meinesuedstadt.de\/termine\/veranstaltungsort\/odeon-kino\/","address":{"@type":"PostalAddress","streetAddress":"Severinstra\u00dfe 81","addressLocality":"K\u00f6ln","postalCode":"50678","addressCountry":"Deutschland"},"geo":{"@type":"GeoCoordinates","latitude":50.9253452,"longitude":6.9581313},"telephone":"0221 313110","sameAs":"http:\/\/www.odeon-koeln.de"},"organizer":{"@type":"Person","name":"Odeon Kino","description":"","url":"http:\/\/www.odeon-koeln.de","telephone":"0221 313110","email":"","sameAs":"http:\/\/www.odeon-koeln.de"},"offers":{"@type":"Offer","price":"6 \u2013 10","priceCurrency":"USD","url":"https:\/\/www.meinesuedstadt.de\/termine\/event\/die-farben-der-zeit-2\/2025-09-15\/","category":"primary","availability":"inStock","validFrom":"2025-08-13T00:00:00+00:00"},"performer":"Organization"},"is_virtual":false,"virtual_url":null,"virtual_video_source":""}