{"id":77099,"global_id":"www.meinesuedstadt.de\/termine?id=77099","global_id_lineage":["www.meinesuedstadt.de\/termine?id=77099"],"author":"3","status":"publish","date":"2025-09-21 18:17:05","date_utc":"2025-09-21 16:17:05","modified":"2025-09-21 18:17:05","modified_utc":"2025-09-21 16:17:05","url":"https:\/\/www.meinesuedstadt.de\/termine\/event\/luis-gallo-und-max-clouth\/","rest_url":"https:\/\/www.meinesuedstadt.de\/termine\/wp-json\/tribe\/events\/v1\/events\/77099","title":"Luis Gallo und Max Clouth","description":"<p>Luis Gallo und Max Clouth verbindet die Liebe zur Gitarre: \u201cMusik machen ist wie Kochen, es geht um gute Zutaten, gutes Timing und guten Geschmack.\u201d sagt Max Clouth. \u201cUnd darum, manchmal frische Rezepte auszuprobieren!\u201d erg\u00e4nzt Luis Gallo.<br \/>\nLuis Gallo ist ein spanischer Gitarrist und Komponist, der die Grenze zwischen Flamenco und Jazz \u00fcberschreitet. Er hat seine Musik in die ganze Welt getragen und mit Pers\u00f6nlichkeiten wie Ara Malikian, dem Covent Garden Soloist Orchestra, Hans Zimmer und k\u00fcrzlich mit der Jazzgitarrenlegende John Stowell zusammengearbeitet.<br \/>\nMax Clouth ist ein Gitarrist, der eindeutig in der Tradition von Virtuosen wie dem gro\u00dfen John McLaughlin steht. Nicht nur, weil er in einer unglaublichen Geschwindigkeit spielen kann, nein, auch er hat ein Fable f\u00fcr die indische Musik. Zudem spielt er eine besondere Gitarre mit einem doppelten Hals (Lotus-Gitarre getauft), auf der er sowohl den \u201eklassischen\u201c Sound einer Gitarre produzieren kann, als auch Sitar- bzw. Oud-\u00e4hnliche Kl\u00e4nge produzieren kann. Musik ist heute f\u00fcr Max Clouth ein Planet, auf dem man nicht nur zwischen Ost und West, sondern auch auf der gesamten Timeline der kulturellen Entwicklung immer wieder Neues und Altes entdecken kann.<br \/>\nJetzt also ein Duo dieser beiden Grenzg\u00e4nger. \u201cDie Gitarre l\u00e4sst sich in jede Kultur \u00fcbertragen. F\u00fcr mich ist sie wie eine Br\u00fccke!\u201d meint Luis. Max dazu: \u201cLuis spricht Englisch mit spanischem, ich mit deutschem Akzent, aber am Ende sprechen wir beide Musik, wir sprechen Gitarre!\u201d<br \/>\n<em>Bild: Max Luis<\/em><\/p>","excerpt":"","slug":"luis-gallo-und-max-clouth","image":{"url":"https:\/\/www.meinesuedstadt.de\/termine\/wp-content\/uploads\/2025\/09\/max-luis-26-03-2024_0000_DSC00121-1.png","id":77100,"extension":"png","width":600,"height":399,"filesize":546975,"sizes":{"thumbnail":{"width":300,"height":200,"mime-type":"image\/png","filesize":103693,"url":"https:\/\/www.meinesuedstadt.de\/termine\/wp-content\/uploads\/2025\/09\/max-luis-26-03-2024_0000_DSC00121-1-300x200.png"}}},"all_day":false,"start_date":"2025-10-10 20:00:00","start_date_details":{"year":"2025","month":"10","day":"10","hour":"20","minutes":"00","seconds":"00"},"end_date":"2025-10-10 20:00:00","end_date_details":{"year":"2025","month":"10","day":"10","hour":"20","minutes":"00","seconds":"00"},"utc_start_date":"2025-10-10 18:00:00","utc_start_date_details":{"year":"2025","month":"10","day":"10","hour":"18","minutes":"00","seconds":"00"},"utc_end_date":"2025-10-10 18:00:00","utc_end_date_details":{"year":"2025","month":"10","day":"10","hour":"18","minutes":"00","seconds":"00"},"timezone":"Europe\/Berlin","timezone_abbr":"CEST","cost":"15\u20ac \u2013 20\u20ac","cost_details":{"currency_symbol":"\u20ac","currency_code":"USD","currency_position":"suffix","values":["15","20"]},"website":"","show_map":false,"show_map_link":true,"hide_from_listings":false,"sticky":false,"featured":false,"categories":[{"name":"Konzert","slug":"konzert","term_group":0,"term_taxonomy_id":7,"taxonomy":"tribe_events_cat","description":"","parent":0,"count":315,"filter":"raw","id":7,"urls":{"self":"https:\/\/www.meinesuedstadt.de\/termine\/wp-json\/tribe\/events\/v1\/categories\/7","collection":"https:\/\/www.meinesuedstadt.de\/termine\/wp-json\/tribe\/events\/v1\/categories"}}],"tags":[],"venue":{"id":3505,"author":"3","status":"publish","date":"2018-03-02 15:02:36","date_utc":"2018-03-02 14:02:36","modified":"2018-03-02 15:02:36","modified_utc":"2018-03-02 14:02:36","url":"https:\/\/www.meinesuedstadt.de\/termine\/veranstaltungsort\/salon-de-jazz\/","venue":"Salon de Jazz","slug":"salon-de-jazz","address":"Severinskloster 3a","city":"K\u00f6ln","country":"Deutschland","zip":"50678","website":"www.salondejazz.de","geo_lat":50.9237253,"geo_lng":6.9591389,"json_ld":{"@type":"Place","name":"Salon de Jazz","description":"","url":"https:\/\/www.meinesuedstadt.de\/termine\/veranstaltungsort\/salon-de-jazz\/","address":{"@type":"PostalAddress","streetAddress":"Severinskloster 3a","addressLocality":"K\u00f6ln","postalCode":"50678","addressCountry":"Deutschland"},"geo":{"@type":"GeoCoordinates","latitude":50.9237253,"longitude":6.9591389},"telephone":"","sameAs":"www.salondejazz.de"},"show_map":true,"show_map_link":true,"global_id":"www.meinesuedstadt.de\/termine?id=3505","global_id_lineage":["www.meinesuedstadt.de\/termine?id=3505"]},"organizer":[],"custom_fields":[],"json_ld":{"@context":"http:\/\/schema.org","@type":"Event","name":"Luis Gallo und Max Clouth","description":"&lt;p&gt;Luis Gallo und Max Clouth verbindet die Liebe zur Gitarre: \u201cMusik machen ist wie Kochen, es geht um gute Zutaten, gutes Timing und guten Geschmack.\u201d sagt Max Clouth. \u201cUnd darum, [&hellip;]&lt;\/p&gt;\\n","image":"https:\/\/www.meinesuedstadt.de\/termine\/wp-content\/uploads\/2025\/09\/max-luis-26-03-2024_0000_DSC00121-1.png","url":"https:\/\/www.meinesuedstadt.de\/termine\/event\/luis-gallo-und-max-clouth\/","eventAttendanceMode":"https:\/\/schema.org\/OfflineEventAttendanceMode","eventStatus":"https:\/\/schema.org\/EventScheduled","startDate":"2025-10-10T20:00:00+02:00","endDate":"2025-10-10T20:00:00+02:00","location":{"@type":"Place","name":"Salon de Jazz","description":"","url":"https:\/\/www.meinesuedstadt.de\/termine\/veranstaltungsort\/salon-de-jazz\/","address":{"@type":"PostalAddress","streetAddress":"Severinskloster 3a","addressLocality":"K\u00f6ln","postalCode":"50678","addressCountry":"Deutschland"},"geo":{"@type":"GeoCoordinates","latitude":50.9237253,"longitude":6.9591389},"telephone":"","sameAs":"www.salondejazz.de"},"offers":{"@type":"Offer","price":"15 \u2013 20","priceCurrency":"USD","url":"https:\/\/www.meinesuedstadt.de\/termine\/event\/luis-gallo-und-max-clouth\/","category":"primary","availability":"inStock","validFrom":"2025-09-21T00:00:00+00:00"},"performer":"Organization"},"is_virtual":false,"virtual_url":null,"virtual_video_source":""}