{"id":77120,"global_id":"www.meinesuedstadt.de\/termine?id=77120","global_id_lineage":["www.meinesuedstadt.de\/termine?id=77120"],"author":"3","status":"publish","date":"2025-09-21 18:43:46","date_utc":"2025-09-21 16:43:46","modified":"2025-09-21 18:43:46","modified_utc":"2025-09-21 16:43:46","url":"https:\/\/www.meinesuedstadt.de\/termine\/event\/hommage-an-yilmaz-gueney\/","rest_url":"https:\/\/www.meinesuedstadt.de\/termine\/wp-json\/tribe\/events\/v1\/events\/77120","title":"Hommage an Yilmaz G\u00fcney","description":"<p>Eine Erinnerung an Yilmaz G\u00fcney \u2013 kurdischer Regisseur, Schauspieler und Schriftsteller \u2013 der mit seinen Filmen den Unterdr\u00fcckten eine Stimme gab. Trotz Verfolgung und Haft k\u00e4mpfte er f\u00fcr Gerechtigkeit, Freiheit und Menschlichkeit. Seine Werke sind heute ein Symbol des Widerstands und Hoffnung. Mit Musik von Kemal Dinc &#038; Chor Palimpsest Orchester und Nure Dilova u.a. Gedichten von \u00c7i\u011fdem Mavi und Kurzfilm-Doku.<br \/>\n<em>Bild: by Artist<\/em><\/p>","excerpt":"","slug":"hommage-an-yilmaz-gueney","image":{"url":"https:\/\/www.meinesuedstadt.de\/termine\/wp-content\/uploads\/2025\/09\/yilmaz_web.jpg","id":77121,"extension":"jpg","width":600,"height":226,"filesize":82224,"sizes":{"thumbnail":{"width":300,"height":113,"mime-type":"image\/jpeg","filesize":11097,"url":"https:\/\/www.meinesuedstadt.de\/termine\/wp-content\/uploads\/2025\/09\/yilmaz_web-300x113.jpg"}}},"all_day":false,"start_date":"2025-09-28 15:00:00","start_date_details":{"year":"2025","month":"09","day":"28","hour":"15","minutes":"00","seconds":"00"},"end_date":"2025-09-28 15:00:00","end_date_details":{"year":"2025","month":"09","day":"28","hour":"15","minutes":"00","seconds":"00"},"utc_start_date":"2025-09-28 13:00:00","utc_start_date_details":{"year":"2025","month":"09","day":"28","hour":"13","minutes":"00","seconds":"00"},"utc_end_date":"2025-09-28 13:00:00","utc_end_date_details":{"year":"2025","month":"09","day":"28","hour":"13","minutes":"00","seconds":"00"},"timezone":"Europe\/Berlin","timezone_abbr":"CEST","cost":"15\u20ac \u2013 20\u20ac","cost_details":{"currency_symbol":"\u20ac","currency_code":"USD","currency_position":"suffix","values":["15","20"]},"website":"","show_map":false,"show_map_link":true,"hide_from_listings":false,"sticky":false,"featured":false,"categories":[{"name":"Kino","slug":"kino","term_group":0,"term_taxonomy_id":82,"taxonomy":"tribe_events_cat","description":"","parent":0,"count":869,"filter":"raw","id":82,"urls":{"self":"https:\/\/www.meinesuedstadt.de\/termine\/wp-json\/tribe\/events\/v1\/categories\/82","collection":"https:\/\/www.meinesuedstadt.de\/termine\/wp-json\/tribe\/events\/v1\/categories"}},{"name":"Konzert","slug":"konzert","term_group":0,"term_taxonomy_id":7,"taxonomy":"tribe_events_cat","description":"","parent":0,"count":315,"filter":"raw","id":7,"urls":{"self":"https:\/\/www.meinesuedstadt.de\/termine\/wp-json\/tribe\/events\/v1\/categories\/7","collection":"https:\/\/www.meinesuedstadt.de\/termine\/wp-json\/tribe\/events\/v1\/categories"}},{"name":"Lesung","slug":"lesung","term_group":0,"term_taxonomy_id":33,"taxonomy":"tribe_events_cat","description":"","parent":0,"count":80,"filter":"raw","id":33,"urls":{"self":"https:\/\/www.meinesuedstadt.de\/termine\/wp-json\/tribe\/events\/v1\/categories\/33","collection":"https:\/\/www.meinesuedstadt.de\/termine\/wp-json\/tribe\/events\/v1\/categories"}}],"tags":[],"venue":{"id":523,"author":"3","status":"publish","date":"2018-01-01 21:29:44","date_utc":"2018-01-01 20:29:44","modified":"2018-01-01 21:29:44","modified_utc":"2018-01-01 20:29:44","url":"https:\/\/www.meinesuedstadt.de\/termine\/veranstaltungsort\/lutherkirche\/","venue":"Lutherkirche","slug":"lutherkirche","address":"Martin-Luther-Platz 4\u2028","city":"K\u00f6ln","country":"Deutschland","zip":"50677","website":"www.lutherkirche-koeln.de","geo_lat":50.9198152,"geo_lng":6.9529678,"json_ld":{"@type":"Place","name":"Lutherkirche","description":"","url":"https:\/\/www.meinesuedstadt.de\/termine\/veranstaltungsort\/lutherkirche\/","address":{"@type":"PostalAddress","streetAddress":"Martin-Luther-Platz 4\u2028","addressLocality":"K\u00f6ln","postalCode":"50677","addressCountry":"Deutschland"},"geo":{"@type":"GeoCoordinates","latitude":50.9198152,"longitude":6.9529678},"telephone":"","sameAs":"www.lutherkirche-koeln.de"},"show_map":true,"show_map_link":true,"global_id":"www.meinesuedstadt.de\/termine?id=523","global_id_lineage":["www.meinesuedstadt.de\/termine?id=523"]},"organizer":[{"id":524,"author":"3","status":"publish","date":"2018-01-01 21:29:44","date_utc":"2018-01-01 20:29:44","modified":"2018-01-01 21:29:44","modified_utc":"2018-01-01 20:29:44","url":"https:\/\/www.meinesuedstadt.de\/termine\/veranstalter\/suedstadt-leben-e-v-%e2%80%a8kultureller-foerderverein-der-lutherkirche%e2%80%a8\/","organizer":"S\u00fcdstadt-Leben e.V.\u2028Kultureller F\u00f6rderverein der Lutherkirche\u2028","slug":"suedstadt-leben-e-v-%e2%80%a8kultureller-foerderverein-der-lutherkirche%e2%80%a8","phone":"0221 3762990","website":"www.suedstadt-leben-koeln.de","email":"suedstadt.leben@koeln.de","json_ld":{"@type":"Person","name":"S\u00fcdstadt-Leben e.V.\u2028Kultureller F\u00f6rderverein der Lutherkirche\u2028","description":"","url":"http:\/\/www.suedstadt-leben-koeln.de","telephone":"0221 3762990","email":"&#115;ue&#100;s&#116;&#97;&#100;&#116;.&#108;ebe&#110;&#64;k&#111;e&#108;n.&#100;e","sameAs":"http:\/\/www.suedstadt-leben-koeln.de"},"global_id":"www.meinesuedstadt.de\/termine?id=524","global_id_lineage":["www.meinesuedstadt.de\/termine?id=524"]}],"custom_fields":[],"json_ld":{"@context":"http:\/\/schema.org","@type":"Event","name":"Hommage an Yilmaz G\u00fcney","description":"&lt;p&gt;Eine Erinnerung an Yilmaz G\u00fcney \u2013 kurdischer Regisseur, Schauspieler und Schriftsteller \u2013 der mit seinen Filmen den Unterdr\u00fcckten eine Stimme gab. Trotz Verfolgung und Haft k\u00e4mpfte er f\u00fcr Gerechtigkeit, Freiheit [&hellip;]&lt;\/p&gt;\\n","image":"https:\/\/www.meinesuedstadt.de\/termine\/wp-content\/uploads\/2025\/09\/yilmaz_web.jpg","url":"https:\/\/www.meinesuedstadt.de\/termine\/event\/hommage-an-yilmaz-gueney\/","eventAttendanceMode":"https:\/\/schema.org\/OfflineEventAttendanceMode","eventStatus":"https:\/\/schema.org\/EventScheduled","startDate":"2025-09-28T15:00:00+02:00","endDate":"2025-09-28T15:00:00+02:00","location":{"@type":"Place","name":"Lutherkirche","description":"","url":"https:\/\/www.meinesuedstadt.de\/termine\/veranstaltungsort\/lutherkirche\/","address":{"@type":"PostalAddress","streetAddress":"Martin-Luther-Platz 4\u2028","addressLocality":"K\u00f6ln","postalCode":"50677","addressCountry":"Deutschland"},"geo":{"@type":"GeoCoordinates","latitude":50.9198152,"longitude":6.9529678},"telephone":"","sameAs":"www.lutherkirche-koeln.de"},"organizer":{"@type":"Person","name":"S\u00fcdstadt-Leben e.V.\u2028Kultureller F\u00f6rderverein der Lutherkirche\u2028","description":"","url":"http:\/\/www.suedstadt-leben-koeln.de","telephone":"0221 3762990","email":"&#115;u&#101;&#100;&#115;t&#97;&#100;t.l&#101;&#98;en&#64;&#107;&#111;e&#108;&#110;&#46;d&#101;","sameAs":"http:\/\/www.suedstadt-leben-koeln.de"},"offers":{"@type":"Offer","price":"15 \u2013 20","priceCurrency":"USD","url":"https:\/\/www.meinesuedstadt.de\/termine\/event\/hommage-an-yilmaz-gueney\/","category":"primary","availability":"inStock","validFrom":"2025-09-21T00:00:00+00:00"},"performer":"Organization"},"is_virtual":false,"virtual_url":null,"virtual_video_source":""}