{"id":77236,"global_id":"www.meinesuedstadt.de\/termine?id=77236","global_id_lineage":["www.meinesuedstadt.de\/termine?id=77236"],"author":"3","status":"publish","date":"2025-09-28 09:20:42","date_utc":"2025-09-28 07:20:42","modified":"2025-09-28 09:20:42","modified_utc":"2025-09-28 07:20:42","url":"https:\/\/www.meinesuedstadt.de\/termine\/event\/aydin-isik-mein-dinner-mit-gott\/2026-05-15\/","rest_url":"https:\/\/www.meinesuedstadt.de\/termine\/wp-json\/tribe\/events\/v1\/events\/77236","title":"Aydin Isik &#8211; Mein Dinner mit Gott","description":"<p>Ein g\u00f6ttlicher Kabarettabend. Habt Ihr Euch jemals gefragt, wie es w\u00e4re, Gott zum Abendessen zu treffen? Aydin Isik hat es nicht nur geschafft, einen Termin mit dem Allm\u00e4chtigen zu vereinbaren \u2013 er l\u00e4dt Euch ein, live dabei zu sein! Gemeinsam mit Gott m\u00f6chte der preisgekr\u00f6nte Kabarettist die gro\u00dfen Fragen der Menschheit kl\u00e4ren: Wie kann es sein, dass Mozart und Trump die Fr\u00fcchte derselben Evolution sind?<br \/>\nWas h\u00e4lt Gott eigentlich von Elon Musk? Hat Gott jemals ein Update bekommen oder l\u00e4uft er noch auf der ersten Version? Warum schmeckt ungesundes Essen besser, wenn Gott will, dass wir gesund leben? Hat Gott auch manchmal das Gef\u00fchl, dass er sich h\u00e4tte mehr M\u00fche geben k\u00f6nnen? Warum sind Einh\u00f6rner ausgestorben, aber M\u00fccken nicht? Wie konnte Gott einen ganzen Kosmos erschaffen, aber nicht verhindern, dass Socken in der Waschmaschine verschwinden? Ach ja, und was hat es mit der Sch\u00f6pfungsgeschichte wirklich auf sich?<br \/>\nMit seinem scharfsinnigen Humor und tiefgr\u00fcndiger Satire serviert Aydin Isik ein k\u00f6stliches Men\u00fc aus Lachen, Nachdenklichkeit und absurden Einsichten. Stellt Euch vor, wie weltliche Kabarettkunst auf g\u00f6ttliche Weisheit trifft \u2013 und erlebt eine Show, die so unvorhersehbar ist wie das Wetter.<br \/>\n&#8222;Mein Dinner mit Gott&#8220; ist nicht nur ein Kabarettabend, sondern eine Einladung, die Welt aus einer v\u00f6llig neuen Perspektive zu betrachten. Egal, ob Ihr gl\u00e4ubig seid, skeptisch oder einfach nur neugierig \u2013 bei diesem Abendessen ist jeder Platz mit Humor gedeckt. Erlebt einen unvergesslichen Abend, bei dem die Grenzen zwischen Himmel und Erde verschwimmen.<br \/>\n<em>Bild: Aydin Isik<\/em><\/p>","excerpt":"","slug":"aydin-isik-mein-dinner-mit-gott-2026-05-15","image":{"url":"https:\/\/www.meinesuedstadt.de\/termine\/wp-content\/uploads\/2025\/09\/Aydin-Isik-c-Aydin-Isik-2.jpg","id":77228,"extension":"jpg","width":483,"height":500,"filesize":118151,"sizes":{"thumbnail":{"width":300,"height":311,"mime-type":"image\/jpeg","filesize":24913,"url":"https:\/\/www.meinesuedstadt.de\/termine\/wp-content\/uploads\/2025\/09\/Aydin-Isik-c-Aydin-Isik-2-300x311.jpg"}}},"all_day":false,"start_date":"2026-05-15 20:00:00","start_date_details":{"year":"2026","month":"05","day":"15","hour":"20","minutes":"00","seconds":"00"},"end_date":"2026-05-15 20:00:00","end_date_details":{"year":"2026","month":"05","day":"15","hour":"20","minutes":"00","seconds":"00"},"utc_start_date":"2026-05-15 18:00:00","utc_start_date_details":{"year":"2026","month":"05","day":"15","hour":"18","minutes":"00","seconds":"00"},"utc_end_date":"2026-05-15 18:00:00","utc_end_date_details":{"year":"2026","month":"05","day":"15","hour":"18","minutes":"00","seconds":"00"},"timezone":"Europe\/Berlin","timezone_abbr":"","cost":"19\u20ac \u2013 23\u20ac","cost_details":{"currency_symbol":"\u20ac","currency_code":"USD","currency_position":"suffix","values":["19","23"]},"website":"","show_map":false,"show_map_link":true,"hide_from_listings":false,"sticky":false,"featured":false,"categories":[{"name":"Kleinkunst","slug":"kleinkunst","term_group":0,"term_taxonomy_id":939,"taxonomy":"tribe_events_cat","description":"","parent":0,"count":218,"filter":"raw","id":939,"urls":{"self":"https:\/\/www.meinesuedstadt.de\/termine\/wp-json\/tribe\/events\/v1\/categories\/939","collection":"https:\/\/www.meinesuedstadt.de\/termine\/wp-json\/tribe\/events\/v1\/categories"}}],"tags":[{"name":"Comedy","slug":"comedy","term_group":0,"term_taxonomy_id":21,"taxonomy":"post_tag","description":"","parent":0,"count":43,"filter":"raw","id":21,"urls":{"self":"https:\/\/www.meinesuedstadt.de\/termine\/wp-json\/tribe\/events\/v1\/tags\/21","collection":"https:\/\/www.meinesuedstadt.de\/termine\/wp-json\/tribe\/events\/v1\/tags"}},{"name":"Kabarett","slug":"kabarett","term_group":0,"term_taxonomy_id":19,"taxonomy":"post_tag","description":"","parent":0,"count":46,"filter":"raw","id":19,"urls":{"self":"https:\/\/www.meinesuedstadt.de\/termine\/wp-json\/tribe\/events\/v1\/tags\/19","collection":"https:\/\/www.meinesuedstadt.de\/termine\/wp-json\/tribe\/events\/v1\/tags"}}],"venue":{"id":59121,"author":"3","status":"publish","date":"2024-08-18 20:04:02","date_utc":"2024-08-18 18:04:02","modified":"2025-07-30 15:14:15","modified_utc":"2025-07-30 13:14:15","url":"https:\/\/www.meinesuedstadt.de\/termine\/veranstaltungsort\/theater-509-im-buergerhaus-stollwerck\/","venue":"Theater 509 im B\u00fcrgerhaus Stollwerck","slug":"theater-509-im-buergerhaus-stollwerck","address":"Dreik\u00f6nigenstra\u00dfe 23","city":"K\u00f6ln","province":"K\u00f6ln","zip":"50678","stateprovince":"K\u00f6ln","geo_lat":50.9252956,"geo_lng":6.964478,"json_ld":{"@type":"Place","name":"Theater 509 im B\u00fcrgerhaus Stollwerck","description":"","url":"https:\/\/www.meinesuedstadt.de\/termine\/veranstaltungsort\/theater-509-im-buergerhaus-stollwerck\/","address":{"@type":"PostalAddress","streetAddress":"Dreik\u00f6nigenstra\u00dfe 23","addressLocality":"K\u00f6ln","addressRegion":"K\u00f6ln","postalCode":"50678"},"geo":{"@type":"GeoCoordinates","latitude":50.9252956,"longitude":6.964478},"telephone":"","sameAs":""},"show_map":false,"show_map_link":false,"global_id":"www.meinesuedstadt.de\/termine?id=59121","global_id_lineage":["www.meinesuedstadt.de\/termine?id=59121"]},"organizer":[{"id":64777,"author":"3","status":"publish","date":"2024-12-01 23:26:24","date_utc":"0000-00-00 00:00:00","modified":"2024-12-01 23:26:24","modified_utc":"0000-00-00 00:00:00","url":"https:\/\/www.meinesuedstadt.de\/termine\/veranstalter\/theater-509-im-buergerhaus-stollwerck\/","organizer":"Theater 509 im B\u00fcrgerhaus Stollwerck","slug":"theater-509-im-buergerhaus-stollwerck","json_ld":{"@type":"Person","name":"Theater 509 im B\u00fcrgerhaus Stollwerck","description":"","url":"","telephone":"","email":"","sameAs":""},"global_id":"www.meinesuedstadt.de\/termine?id=64777","global_id_lineage":["www.meinesuedstadt.de\/termine?id=64777"]}],"custom_fields":[],"json_ld":{"@context":"http:\/\/schema.org","@type":"Event","name":"Aydin Isik &#8211; Mein Dinner mit Gott","description":"&lt;p&gt;Ein g\u00f6ttlicher Kabarettabend. Habt Ihr Euch jemals gefragt, wie es w\u00e4re, Gott zum Abendessen zu treffen? Aydin Isik hat es nicht nur geschafft, einen Termin mit dem Allm\u00e4chtigen zu vereinbaren [&hellip;]&lt;\/p&gt;\\n","image":"https:\/\/www.meinesuedstadt.de\/termine\/wp-content\/uploads\/2025\/09\/Aydin-Isik-c-Aydin-Isik-2.jpg","url":"https:\/\/www.meinesuedstadt.de\/termine\/event\/aydin-isik-mein-dinner-mit-gott\/2026-05-15\/","eventAttendanceMode":"https:\/\/schema.org\/OfflineEventAttendanceMode","eventStatus":"https:\/\/schema.org\/EventScheduled","startDate":"2026-05-15T20:00:00+02:00","endDate":"2026-05-15T20:00:00+02:00","location":{"@type":"Place","name":"Theater 509 im B\u00fcrgerhaus Stollwerck","description":"","url":"https:\/\/www.meinesuedstadt.de\/termine\/veranstaltungsort\/theater-509-im-buergerhaus-stollwerck\/","address":{"@type":"PostalAddress","streetAddress":"Dreik\u00f6nigenstra\u00dfe 23","addressLocality":"K\u00f6ln","addressRegion":"K\u00f6ln","postalCode":"50678"},"geo":{"@type":"GeoCoordinates","latitude":50.9252956,"longitude":6.964478},"telephone":"","sameAs":""},"organizer":{"@type":"Person","name":"Theater 509 im B\u00fcrgerhaus Stollwerck","description":"","url":"","telephone":"","email":"","sameAs":""},"offers":{"@type":"Offer","price":"19 \u2013 23","priceCurrency":"USD","url":"https:\/\/www.meinesuedstadt.de\/termine\/event\/aydin-isik-mein-dinner-mit-gott\/2026-05-15\/","category":"primary","availability":"inStock","validFrom":"2025-09-28T00:00:00+00:00"},"performer":"Organization"},"is_virtual":false,"virtual_url":null,"virtual_video_source":""}