{"id":77420,"global_id":"www.meinesuedstadt.de\/termine?id=77420","global_id_lineage":["www.meinesuedstadt.de\/termine?id=77420"],"author":"3","status":"publish","date":"2025-10-07 20:47:30","date_utc":"2025-10-07 18:47:30","modified":"2025-10-07 20:47:30","modified_utc":"2025-10-07 18:47:30","url":"https:\/\/www.meinesuedstadt.de\/termine\/event\/katharina-hinsberg-saeumnisse\/2025-11-21\/","rest_url":"https:\/\/www.meinesuedstadt.de\/termine\/wp-json\/tribe\/events\/v1\/events\/77420","title":"Katharina Hinsberg &#8211; S\u00e4umnisse","description":"<p>F\u00fcr Katharina Hinsberg ist der Schnitt so wichtig wie die Linie, die sie aus dem Blatt l\u00f6st. Von gro\u00dfem Interesse ist dabei insbesondere der Blattrand.<br \/>\nIn der Werkgruppe Marginalis wird der Blattrand zum bestimmenden Thema. Hinsberg zeichnet den Blattrand von Hand mit roter Tusche nach und schneidet ihn anschlie\u00dfend aus. Das \u00c4u\u00dfere der freigelegten Linie ist der gradlinige, da maschinell hergestellte Papierrand, das Innere ist unregelm\u00e4\u00dfig, es folgt dem Farbauftrag mit der Hand.<br \/>\nIn der neuesten Werkgruppe \u201eS\u00e4umnisse\u201c erweitert Hinsberg dieses Vorgehen, und gelangt zu neuen Ergebnissen. Sie schreibt: \u201eDie Blattkanten sind schmal und messerscharf. Ich f\u00e4rbe diese Kanten mit roter Tusche, sie markieren und s\u00e4umen das Au\u00dfen des Blatts. Dann schneide ich mit dem Messer, entlang eines Lineals, durch das Papier und trenne es in zwei Teile. Ich durchschneide die noch gleichg\u00fcltig leere Papierfl\u00e4che und unterscheide sie dadurch\u2026<br \/>\nDie entstandenen Schnittkanten werden wieder rot gef\u00e4rbt, bevor ich sie zueinander verschiebe und zu einem neuen Format zusammensetze. Bei diesen Arbeiten, S\u00e4umnissen, folgt das Schneiden nicht dem Zeichnen, sondern das Zeichnen dem Schneiden, im farbigen Nachziehen der Kanten. Die Au\u00dfenkanten k\u00f6nnen sich zu Innenlinien zusammenf\u00fcgen, die Schnittr\u00e4nder von innen zu Au\u00dfenkanten werden.\u201c<br \/>\nAusstellungsdauer: 25.10.-6.12.2025<\/p>","excerpt":"","slug":"katharina-hinsberg-saeumnisse-2025-11-21","image":{"url":"https:\/\/www.meinesuedstadt.de\/termine\/wp-content\/uploads\/2025\/10\/Hinsberg_Galerie_Klein_2025-2.jpg","id":77404,"extension":"jpg","width":600,"height":343,"filesize":39963,"sizes":{"thumbnail":{"width":300,"height":172,"mime-type":"image\/jpeg","filesize":7037,"url":"https:\/\/www.meinesuedstadt.de\/termine\/wp-content\/uploads\/2025\/10\/Hinsberg_Galerie_Klein_2025-2-300x172.jpg"}}},"all_day":false,"start_date":"2025-11-21 14:00:00","start_date_details":{"year":"2025","month":"11","day":"21","hour":"14","minutes":"00","seconds":"00"},"end_date":"2025-11-21 18:00:00","end_date_details":{"year":"2025","month":"11","day":"21","hour":"18","minutes":"00","seconds":"00"},"utc_start_date":"2025-11-21 13:00:00","utc_start_date_details":{"year":"2025","month":"11","day":"21","hour":"13","minutes":"00","seconds":"00"},"utc_end_date":"2025-11-21 17:00:00","utc_end_date_details":{"year":"2025","month":"11","day":"21","hour":"17","minutes":"00","seconds":"00"},"timezone":"Europe\/Berlin","timezone_abbr":"","cost":"Kostenlos","cost_details":{"currency_symbol":"\u20ac","currency_code":"USD","currency_position":"suffix","values":["0"]},"website":"","show_map":false,"show_map_link":true,"hide_from_listings":false,"sticky":false,"featured":false,"categories":[{"name":"Ausstellung","slug":"ausstellung","term_group":0,"term_taxonomy_id":43,"taxonomy":"tribe_events_cat","description":"","parent":0,"count":1691,"filter":"raw","id":43,"urls":{"self":"https:\/\/www.meinesuedstadt.de\/termine\/wp-json\/tribe\/events\/v1\/categories\/43","collection":"https:\/\/www.meinesuedstadt.de\/termine\/wp-json\/tribe\/events\/v1\/categories"}}],"tags":[],"venue":{"id":2517,"author":"3","status":"publish","date":"2018-01-17 23:06:38","date_utc":"2018-01-17 22:06:38","modified":"2018-01-17 23:06:38","modified_utc":"2018-01-17 22:06:38","url":"https:\/\/www.meinesuedstadt.de\/termine\/veranstaltungsort\/galerie-werner-klein\/","venue":"Galerie Werner Klein","slug":"galerie-werner-klein","address":"Volksgartenstra\u00dfe 10","city":"K\u00f6ln","country":"Deutschland","zip":"50677","phone":"0221 2585112","website":"www.galeriewernerklein.de","geo_lat":50.9204787,"geo_lng":6.9531472,"json_ld":{"@type":"Place","name":"Galerie Werner Klein","description":"","url":"https:\/\/www.meinesuedstadt.de\/termine\/veranstaltungsort\/galerie-werner-klein\/","address":{"@type":"PostalAddress","streetAddress":"Volksgartenstra\u00dfe 10","addressLocality":"K\u00f6ln","postalCode":"50677","addressCountry":"Deutschland"},"geo":{"@type":"GeoCoordinates","latitude":50.9204787,"longitude":6.9531472},"telephone":"0221 2585112","sameAs":"www.galeriewernerklein.de"},"show_map":true,"show_map_link":true,"global_id":"www.meinesuedstadt.de\/termine?id=2517","global_id_lineage":["www.meinesuedstadt.de\/termine?id=2517"]},"organizer":[],"custom_fields":[],"json_ld":{"@context":"http:\/\/schema.org","@type":"Event","name":"Katharina Hinsberg &#8211; S\u00e4umnisse","description":"&lt;p&gt;F\u00fcr Katharina Hinsberg ist der Schnitt so wichtig wie die Linie, die sie aus dem Blatt l\u00f6st. Von gro\u00dfem Interesse ist dabei insbesondere der Blattrand. In der Werkgruppe Marginalis wird [&hellip;]&lt;\/p&gt;\\n","image":"https:\/\/www.meinesuedstadt.de\/termine\/wp-content\/uploads\/2025\/10\/Hinsberg_Galerie_Klein_2025-2.jpg","url":"https:\/\/www.meinesuedstadt.de\/termine\/event\/katharina-hinsberg-saeumnisse\/2025-11-21\/","eventAttendanceMode":"https:\/\/schema.org\/OfflineEventAttendanceMode","eventStatus":"https:\/\/schema.org\/EventScheduled","startDate":"2025-11-21T14:00:00+01:00","endDate":"2025-11-21T18:00:00+01:00","location":{"@type":"Place","name":"Galerie Werner Klein","description":"","url":"https:\/\/www.meinesuedstadt.de\/termine\/veranstaltungsort\/galerie-werner-klein\/","address":{"@type":"PostalAddress","streetAddress":"Volksgartenstra\u00dfe 10","addressLocality":"K\u00f6ln","postalCode":"50677","addressCountry":"Deutschland"},"geo":{"@type":"GeoCoordinates","latitude":50.9204787,"longitude":6.9531472},"telephone":"0221 2585112","sameAs":"www.galeriewernerklein.de"},"offers":{"@type":"Offer","price":"0","priceCurrency":"USD","url":"https:\/\/www.meinesuedstadt.de\/termine\/event\/katharina-hinsberg-saeumnisse\/2025-11-21\/","category":"primary","availability":"inStock","validFrom":"1970-01-01T00:00:00+00:00"},"performer":"Organization"},"is_virtual":false,"virtual_url":null,"virtual_video_source":""}