{"id":77594,"global_id":"www.meinesuedstadt.de\/termine?id=77594","global_id_lineage":["www.meinesuedstadt.de\/termine?id=77594"],"author":"3","status":"publish","date":"2025-10-14 15:40:34","date_utc":"2025-10-14 13:40:34","modified":"2025-10-14 15:40:34","modified_utc":"2025-10-14 13:40:34","url":"https:\/\/www.meinesuedstadt.de\/termine\/event\/in-the-lights-of-shadows-meisterwerke-der-sammlung-spallart\/2025-11-01\/","rest_url":"https:\/\/www.meinesuedstadt.de\/termine\/wp-json\/tribe\/events\/v1\/events\/77594","title":"In the lights of shadows &#8211; Meisterwerke der Sammlung SpallArt","description":"<p>Zum ersten Mal ist in K\u00f6ln eine Auswahl der in \u00d6sterreich beheimateten Sammlung SpallArt zu sehen. Die Ausstellung im Forum f\u00fcr Fotografie widmet sich dem zentralen fotografischen Spannungsfeld von Licht und Schatten &#8211; den elementaren Kr\u00e4ften, mit denen jede fotografische Erz\u00e4hlung beginnt. Die gezeigten Werke spannen einen Bogen von gro\u00dfen Meistern wie Edward Weston und Ansel Adams bis hin zu zeitgen\u00f6ssischen Positionen, in denen Licht nicht nur Mittel, sondern Thema der k\u00fcnstlerischen Auseinandersetzung ist.<br \/>\nAusstellungsdauer: 1.11.-20.12.2025<br \/>\n\u00d6ffnungszeiten: Do + Fr 14-18 Uhr, Sa 12-17 Uhr<br \/>\n<em>Bild: Nikolaus Korab, &#8222;Lichtform&#8220;, 2024. Gelatinesilberabzug auf Aluminium, 80 x 63 cm, Sammlung SpallArt, Inv. Nr. S-2905<\/em><\/p>","excerpt":"","slug":"in-the-lights-of-shadows-meisterwerke-der-sammlung-spallart","image":{"url":"https:\/\/www.meinesuedstadt.de\/termine\/wp-content\/uploads\/2025\/10\/korab-spallart.jpeg","id":77595,"extension":"jpeg","width":600,"height":420,"filesize":71147,"sizes":{"thumbnail":{"width":300,"height":210,"mime-type":"image\/jpeg","filesize":8522,"url":"https:\/\/www.meinesuedstadt.de\/termine\/wp-content\/uploads\/2025\/10\/korab-spallart-300x210.jpeg"}}},"all_day":false,"start_date":"2025-11-01 16:00:00","start_date_details":{"year":"2025","month":"11","day":"01","hour":"16","minutes":"00","seconds":"00"},"end_date":"2025-11-01 16:00:00","end_date_details":{"year":"2025","month":"11","day":"01","hour":"16","minutes":"00","seconds":"00"},"utc_start_date":"2025-11-01 15:00:00","utc_start_date_details":{"year":"2025","month":"11","day":"01","hour":"15","minutes":"00","seconds":"00"},"utc_end_date":"2025-11-01 15:00:00","utc_end_date_details":{"year":"2025","month":"11","day":"01","hour":"15","minutes":"00","seconds":"00"},"timezone":"Europe\/Berlin","timezone_abbr":"CET","cost":"Kostenlos","cost_details":{"currency_symbol":"\u20ac","currency_code":"USD","currency_position":"suffix","values":["0"]},"website":"","show_map":false,"show_map_link":true,"hide_from_listings":false,"sticky":false,"featured":false,"categories":[{"name":"Achtsamkeit","slug":"achtsamkeit","term_group":0,"term_taxonomy_id":899,"taxonomy":"tribe_events_cat","description":"","parent":0,"count":55,"filter":"raw","id":899,"urls":{"self":"https:\/\/www.meinesuedstadt.de\/termine\/wp-json\/tribe\/events\/v1\/categories\/899","collection":"https:\/\/www.meinesuedstadt.de\/termine\/wp-json\/tribe\/events\/v1\/categories"}}],"tags":[],"venue":{"id":3658,"author":"3","status":"publish","date":"2018-03-12 11:22:08","date_utc":"2018-03-12 10:22:08","modified":"2018-03-12 11:22:08","modified_utc":"2018-03-12 10:22:08","url":"https:\/\/www.meinesuedstadt.de\/termine\/veranstaltungsort\/forum-fuer-fotografie\/","venue":"Forum f\u00fcr Fotografie","slug":"forum-fuer-fotografie","address":"Sch\u00f6nhauser Stra\u00dfe 8","city":"K\u00f6ln","country":"Deutschland","zip":"50968","phone":"0221 3401830","website":"http:\/\/www.forum-fotografie.info","geo_lat":50.91355,"geo_lng":6.96972,"json_ld":{"@type":"Place","name":"Forum f\u00fcr Fotografie","description":"","url":"https:\/\/www.meinesuedstadt.de\/termine\/veranstaltungsort\/forum-fuer-fotografie\/","address":{"@type":"PostalAddress","streetAddress":"Sch\u00f6nhauser Stra\u00dfe 8","addressLocality":"K\u00f6ln","postalCode":"50968","addressCountry":"Deutschland"},"geo":{"@type":"GeoCoordinates","latitude":50.91355,"longitude":6.96972},"telephone":"0221 3401830","sameAs":"http:\/\/www.forum-fotografie.info"},"show_map":true,"show_map_link":true,"global_id":"www.meinesuedstadt.de\/termine?id=3658","global_id_lineage":["www.meinesuedstadt.de\/termine?id=3658"]},"organizer":[],"custom_fields":[],"json_ld":{"@context":"http:\/\/schema.org","@type":"Event","name":"In the lights of shadows &#8211; Meisterwerke der Sammlung SpallArt","description":"&lt;p&gt;Zum ersten Mal ist in K\u00f6ln eine Auswahl der in \u00d6sterreich beheimateten Sammlung SpallArt zu sehen. Die Ausstellung im Forum f\u00fcr Fotografie widmet sich dem zentralen fotografischen Spannungsfeld von Licht [&hellip;]&lt;\/p&gt;\\n","image":"https:\/\/www.meinesuedstadt.de\/termine\/wp-content\/uploads\/2025\/10\/korab-spallart.jpeg","url":"https:\/\/www.meinesuedstadt.de\/termine\/event\/in-the-lights-of-shadows-meisterwerke-der-sammlung-spallart\/2025-11-01\/","eventAttendanceMode":"https:\/\/schema.org\/OfflineEventAttendanceMode","eventStatus":"https:\/\/schema.org\/EventScheduled","startDate":"2025-11-01T16:00:00+01:00","endDate":"2025-11-01T16:00:00+01:00","location":{"@type":"Place","name":"Forum f\u00fcr Fotografie","description":"","url":"https:\/\/www.meinesuedstadt.de\/termine\/veranstaltungsort\/forum-fuer-fotografie\/","address":{"@type":"PostalAddress","streetAddress":"Sch\u00f6nhauser Stra\u00dfe 8","addressLocality":"K\u00f6ln","postalCode":"50968","addressCountry":"Deutschland"},"geo":{"@type":"GeoCoordinates","latitude":50.91355,"longitude":6.96972},"telephone":"0221 3401830","sameAs":"http:\/\/www.forum-fotografie.info"},"offers":{"@type":"Offer","price":"0","priceCurrency":"USD","url":"https:\/\/www.meinesuedstadt.de\/termine\/event\/in-the-lights-of-shadows-meisterwerke-der-sammlung-spallart\/2025-11-01\/","category":"primary","availability":"inStock","validFrom":"1970-01-01T00:00:00+00:00"},"performer":"Organization"},"is_virtual":false,"virtual_url":null,"virtual_video_source":""}