{"id":77703,"global_id":"www.meinesuedstadt.de\/termine?id=77703","global_id_lineage":["www.meinesuedstadt.de\/termine?id=77703"],"author":"3","status":"publish","date":"2025-10-19 23:01:06","date_utc":"2025-10-19 21:01:06","modified":"2025-11-13 19:29:28","modified_utc":"2025-11-13 18:29:28","url":"https:\/\/www.meinesuedstadt.de\/termine\/event\/franz-k-antonia-uhl-im-gespraech-mit-literaturkritiker-thomas-linden\/2025-11-15\/","rest_url":"https:\/\/www.meinesuedstadt.de\/termine\/wp-json\/tribe\/events\/v1\/events\/77703","title":"Franz K.","description":"<p>Prag, Anfang des 20. Jahrhunderts: Franz Kafka ist zerrissen zwischen der Autorit\u00e4t des fordernden Vaters, der Routine im Versicherungsb\u00fcro und der stillen Sehnsucht nach k\u00fcnstlerischer Entfaltung. W\u00e4hrend seine Texte erste Leser finden, beginnt die Reise eines jungen Mannes, der sich nach Normalit\u00e4t sehnt, jedoch den Widerspr\u00fcchen des Lebens begegnet, dabei Literaturgeschichte schreibt und sich immer wieder Hals \u00fcber Kopf verliebt. Getrieben von Liebe, Fantasie und dem Wunsch nach Respekt, unterst\u00fctzt von seinem Freund und Verleger Max Brod, entfaltet sich das ebenso ber\u00fchrende wie skurrile Portr\u00e4t eines der faszinierendsten Denker der Moderne. Ein Film wie Kafkas Werk selbst: \u00fcberraschend, poetisch, unvergesslich.<\/p>","excerpt":"","slug":"franz-k-antonia-uhl-im-gespraech-mit-literaturkritiker-thomas-linden","image":{"url":"https:\/\/www.meinesuedstadt.de\/termine\/wp-content\/uploads\/2025\/10\/df765647beb8935d4621e91d8339d83c-Kopie.jpg","id":77704,"extension":"jpg","width":353,"height":500,"filesize":57782,"sizes":{"thumbnail":{"width":300,"height":425,"mime-type":"image\/jpeg","filesize":23628,"url":"https:\/\/www.meinesuedstadt.de\/termine\/wp-content\/uploads\/2025\/10\/df765647beb8935d4621e91d8339d83c-Kopie-300x425.jpg"}}},"all_day":false,"start_date":"2025-11-15 15:45:00","start_date_details":{"year":"2025","month":"11","day":"15","hour":"15","minutes":"45","seconds":"00"},"end_date":"2025-11-15 15:45:00","end_date_details":{"year":"2025","month":"11","day":"15","hour":"15","minutes":"45","seconds":"00"},"utc_start_date":"2025-11-15 14:45:00","utc_start_date_details":{"year":"2025","month":"11","day":"15","hour":"14","minutes":"45","seconds":"00"},"utc_end_date":"2025-11-15 14:45:00","utc_end_date_details":{"year":"2025","month":"11","day":"15","hour":"14","minutes":"45","seconds":"00"},"timezone":"Europe\/Berlin","timezone_abbr":"CET","cost":"8\u20ac \u2013 10\u20ac","cost_details":{"currency_symbol":"\u20ac","currency_code":"USD","currency_position":"suffix","values":["8","10"]},"website":"","show_map":false,"show_map_link":true,"hide_from_listings":false,"sticky":false,"featured":false,"categories":[{"name":"Kino","slug":"kino","term_group":0,"term_taxonomy_id":82,"taxonomy":"tribe_events_cat","description":"","parent":0,"count":869,"filter":"raw","id":82,"urls":{"self":"https:\/\/www.meinesuedstadt.de\/termine\/wp-json\/tribe\/events\/v1\/categories\/82","collection":"https:\/\/www.meinesuedstadt.de\/termine\/wp-json\/tribe\/events\/v1\/categories"}}],"tags":[],"venue":{"id":1634,"author":"3","status":"publish","date":"2018-01-08 09:38:14","date_utc":"2018-01-08 08:38:14","modified":"2018-01-08 09:38:14","modified_utc":"2018-01-08 08:38:14","url":"https:\/\/www.meinesuedstadt.de\/termine\/veranstaltungsort\/odeon-kino\/","venue":"Odeon Kino","slug":"odeon-kino","address":"Severinstra\u00dfe 81","city":"K\u00f6ln","country":"Deutschland","zip":"50678","phone":"0221 313110","website":"http:\/\/www.odeon-koeln.de","geo_lat":50.9253452,"geo_lng":6.9581313,"json_ld":{"@type":"Place","name":"Odeon Kino","description":"","url":"https:\/\/www.meinesuedstadt.de\/termine\/veranstaltungsort\/odeon-kino\/","address":{"@type":"PostalAddress","streetAddress":"Severinstra\u00dfe 81","addressLocality":"K\u00f6ln","postalCode":"50678","addressCountry":"Deutschland"},"geo":{"@type":"GeoCoordinates","latitude":50.9253452,"longitude":6.9581313},"telephone":"0221 313110","sameAs":"http:\/\/www.odeon-koeln.de"},"show_map":true,"show_map_link":true,"global_id":"www.meinesuedstadt.de\/termine?id=1634","global_id_lineage":["www.meinesuedstadt.de\/termine?id=1634"]},"organizer":[{"id":1635,"author":"3","status":"publish","date":"2018-01-08 09:38:14","date_utc":"2018-01-08 08:38:14","modified":"2018-01-08 09:38:14","modified_utc":"2018-01-08 08:38:14","url":"https:\/\/www.meinesuedstadt.de\/termine\/veranstalter\/odeon-kino\/","organizer":"Odeon Kino","slug":"odeon-kino","phone":"0221 313110","website":"http:\/\/www.odeon-koeln.de","json_ld":{"@type":"Person","name":"Odeon Kino","description":"","url":"http:\/\/www.odeon-koeln.de","telephone":"0221 313110","email":"","sameAs":"http:\/\/www.odeon-koeln.de"},"global_id":"www.meinesuedstadt.de\/termine?id=1635","global_id_lineage":["www.meinesuedstadt.de\/termine?id=1635"]}],"custom_fields":[],"json_ld":{"@context":"http:\/\/schema.org","@type":"Event","name":"Franz K.","description":"&lt;p&gt;Prag, Anfang des 20. Jahrhunderts: Franz Kafka ist zerrissen zwischen der Autorit\u00e4t des fordernden Vaters, der Routine im Versicherungsb\u00fcro und der stillen Sehnsucht nach k\u00fcnstlerischer Entfaltung. W\u00e4hrend seine Texte erste [&hellip;]&lt;\/p&gt;\\n","image":"https:\/\/www.meinesuedstadt.de\/termine\/wp-content\/uploads\/2025\/10\/df765647beb8935d4621e91d8339d83c-Kopie.jpg","url":"https:\/\/www.meinesuedstadt.de\/termine\/event\/franz-k-antonia-uhl-im-gespraech-mit-literaturkritiker-thomas-linden\/2025-11-15\/","eventAttendanceMode":"https:\/\/schema.org\/OfflineEventAttendanceMode","eventStatus":"https:\/\/schema.org\/EventScheduled","startDate":"2025-11-15T15:45:00+01:00","endDate":"2025-11-15T15:45:00+01:00","location":{"@type":"Place","name":"Odeon Kino","description":"","url":"https:\/\/www.meinesuedstadt.de\/termine\/veranstaltungsort\/odeon-kino\/","address":{"@type":"PostalAddress","streetAddress":"Severinstra\u00dfe 81","addressLocality":"K\u00f6ln","postalCode":"50678","addressCountry":"Deutschland"},"geo":{"@type":"GeoCoordinates","latitude":50.9253452,"longitude":6.9581313},"telephone":"0221 313110","sameAs":"http:\/\/www.odeon-koeln.de"},"organizer":{"@type":"Person","name":"Odeon Kino","description":"","url":"http:\/\/www.odeon-koeln.de","telephone":"0221 313110","email":"","sameAs":"http:\/\/www.odeon-koeln.de"},"offers":{"@type":"Offer","price":"8 \u2013 10","priceCurrency":"USD","url":"https:\/\/www.meinesuedstadt.de\/termine\/event\/franz-k-antonia-uhl-im-gespraech-mit-literaturkritiker-thomas-linden\/2025-11-15\/","category":"primary","availability":"inStock","validFrom":"1970-01-01T00:00:00+00:00"},"performer":"Organization"},"is_virtual":false,"virtual_url":null,"virtual_video_source":""}