{"id":77766,"global_id":"www.meinesuedstadt.de\/termine?id=77766","global_id_lineage":["www.meinesuedstadt.de\/termine?id=77766"],"author":"3","status":"publish","date":"2025-10-20 09:46:23","date_utc":"2025-10-20 07:46:23","modified":"2025-10-20 09:46:23","modified_utc":"2025-10-20 07:46:23","url":"https:\/\/www.meinesuedstadt.de\/termine\/event\/mascha-und-der-baer-puppentheater\/2025-12-20\/2\/","rest_url":"https:\/\/www.meinesuedstadt.de\/termine\/wp-json\/tribe\/events\/v1\/events\/77766","title":"Mascha und der B\u00e4r &#8211; Puppentheater","description":"<p>Mascha ist ganz aufgeregt, denn der B\u00e4r h\u00e4lt immer noch seinen Winterschlaf. Dabe will sie doch heute den Weihnachtsmann treffen. Als der B\u00e4r endlich aufsteht, kommt auch schon der kleine Igel und fl\u00fcstert Mascha was ins Ohr. Das kann sie kaum verstehen, der Igel ist so au\u00dfer Atem. Der Weihnachtsmann ist in Gefahr und muss gerettet werden, versteht sie aber. Gleich macht sie sich auf die Reise durch den geheimnisvollen Winterwald.<br \/>\nF\u00fcr Kinder ab 3 Jahren, Spieldauer 90 Minuten mit Pause.<br \/>\nTickets sind an allen bekannten Vorverkaufsstellen, bei Eventim-Light sowie an der Tageskasse erh\u00e4ltlich.<br \/>\n<em>Bild: Andreas Blaschke<\/em><\/p>","excerpt":"","slug":"mascha-und-der-baer-puppentheater-2025-12-20-2","image":{"url":"https:\/\/www.meinesuedstadt.de\/termine\/wp-content\/uploads\/2025\/10\/3-2022-Blaschke-Andreas-Figurenfotos-2393.jpeg","id":77764,"extension":"jpeg","width":600,"height":450,"filesize":71145,"sizes":{"thumbnail":{"width":300,"height":225,"mime-type":"image\/jpeg","filesize":13978,"url":"https:\/\/www.meinesuedstadt.de\/termine\/wp-content\/uploads\/2025\/10\/3-2022-Blaschke-Andreas-Figurenfotos-2393-300x225.jpeg"}}},"all_day":false,"start_date":"2025-12-20 14:00:00","start_date_details":{"year":"2025","month":"12","day":"20","hour":"14","minutes":"00","seconds":"00"},"end_date":"2025-12-20 14:00:00","end_date_details":{"year":"2025","month":"12","day":"20","hour":"14","minutes":"00","seconds":"00"},"utc_start_date":"2025-12-20 13:00:00","utc_start_date_details":{"year":"2025","month":"12","day":"20","hour":"13","minutes":"00","seconds":"00"},"utc_end_date":"2025-12-20 13:00:00","utc_end_date_details":{"year":"2025","month":"12","day":"20","hour":"13","minutes":"00","seconds":"00"},"timezone":"Europe\/Berlin","timezone_abbr":"","cost":"12\u20ac \u2013 14\u20ac","cost_details":{"currency_symbol":"\u20ac","currency_code":"USD","currency_position":"suffix","values":["12","14"]},"website":"","show_map":false,"show_map_link":true,"hide_from_listings":false,"sticky":false,"featured":false,"categories":[{"name":"Kinder","slug":"kinder","term_group":0,"term_taxonomy_id":743,"taxonomy":"tribe_events_cat","description":"","parent":0,"count":173,"filter":"raw","id":743,"urls":{"self":"https:\/\/www.meinesuedstadt.de\/termine\/wp-json\/tribe\/events\/v1\/categories\/743","collection":"https:\/\/www.meinesuedstadt.de\/termine\/wp-json\/tribe\/events\/v1\/categories"}},{"name":"Theater","slug":"theater","term_group":0,"term_taxonomy_id":14,"taxonomy":"tribe_events_cat","description":"","parent":0,"count":461,"filter":"raw","id":14,"urls":{"self":"https:\/\/www.meinesuedstadt.de\/termine\/wp-json\/tribe\/events\/v1\/categories\/14","collection":"https:\/\/www.meinesuedstadt.de\/termine\/wp-json\/tribe\/events\/v1\/categories"}}],"tags":[{"name":"Puppentheater","slug":"puppentheater","term_group":0,"term_taxonomy_id":248,"taxonomy":"post_tag","description":"","parent":0,"count":4,"filter":"raw","id":248,"urls":{"self":"https:\/\/www.meinesuedstadt.de\/termine\/wp-json\/tribe\/events\/v1\/tags\/248","collection":"https:\/\/www.meinesuedstadt.de\/termine\/wp-json\/tribe\/events\/v1\/tags"}}],"venue":{"id":65891,"author":"3","status":"publish","date":"2025-01-18 19:51:21","date_utc":"2025-01-18 18:51:21","modified":"2025-01-18 19:51:21","modified_utc":"2025-01-18 18:51:21","url":"https:\/\/www.meinesuedstadt.de\/termine\/veranstaltungsort\/pfarrsaal-st-severin\/","venue":"Pfarrsaal St. Severin","slug":"pfarrsaal-st-severin","address":"Severinskloster 2","city":"K\u00f6ln","country":"Germany","province":"K\u00f6ln","state":"Nordrhein-Westfalen","zip":"50678","geo_lat":50.9236833,"geo_lng":6.959377,"json_ld":{"@type":"Place","name":"Pfarrsaal St. Severin","description":"","url":"https:\/\/www.meinesuedstadt.de\/termine\/veranstaltungsort\/pfarrsaal-st-severin\/","address":{"@type":"PostalAddress","streetAddress":"Severinskloster 2","addressLocality":"K\u00f6ln","addressRegion":"K\u00f6ln","postalCode":"50678","addressCountry":"Germany"},"geo":{"@type":"GeoCoordinates","latitude":50.9236833,"longitude":6.959377},"telephone":"","sameAs":""},"show_map":false,"show_map_link":false,"global_id":"www.meinesuedstadt.de\/termine?id=65891","global_id_lineage":["www.meinesuedstadt.de\/termine?id=65891"]},"organizer":[],"custom_fields":[],"json_ld":{"@context":"http:\/\/schema.org","@type":"Event","name":"Mascha und der B\u00e4r &#8211; Puppentheater","description":"&lt;p&gt;Mascha ist ganz aufgeregt, denn der B\u00e4r h\u00e4lt immer noch seinen Winterschlaf. Dabe will sie doch heute den Weihnachtsmann treffen. Als der B\u00e4r endlich aufsteht, kommt auch schon der kleine [&hellip;]&lt;\/p&gt;\\n","image":"https:\/\/www.meinesuedstadt.de\/termine\/wp-content\/uploads\/2025\/10\/3-2022-Blaschke-Andreas-Figurenfotos-2393.jpeg","url":"https:\/\/www.meinesuedstadt.de\/termine\/event\/mascha-und-der-baer-puppentheater\/2025-12-20\/2\/","eventAttendanceMode":"https:\/\/schema.org\/OfflineEventAttendanceMode","eventStatus":"https:\/\/schema.org\/EventScheduled","startDate":"2025-12-20T14:00:00+01:00","endDate":"2025-12-20T14:00:00+01:00","location":{"@type":"Place","name":"Pfarrsaal St. Severin","description":"","url":"https:\/\/www.meinesuedstadt.de\/termine\/veranstaltungsort\/pfarrsaal-st-severin\/","address":{"@type":"PostalAddress","streetAddress":"Severinskloster 2","addressLocality":"K\u00f6ln","addressRegion":"K\u00f6ln","postalCode":"50678","addressCountry":"Germany"},"geo":{"@type":"GeoCoordinates","latitude":50.9236833,"longitude":6.959377},"telephone":"","sameAs":""},"offers":{"@type":"Offer","price":"12 \u2013 14","priceCurrency":"USD","url":"https:\/\/www.meinesuedstadt.de\/termine\/event\/mascha-und-der-baer-puppentheater\/2025-12-20\/2\/","category":"primary","availability":"inStock","validFrom":"1970-01-01T00:00:00+00:00"},"performer":"Organization"},"is_virtual":false,"virtual_url":null,"virtual_video_source":""}