{"id":77965,"global_id":"www.meinesuedstadt.de\/termine?id=77965","global_id_lineage":["www.meinesuedstadt.de\/termine?id=77965"],"author":"3","status":"publish","date":"2025-10-29 17:34:14","date_utc":"2025-10-29 16:34:14","modified":"2025-10-29 17:34:14","modified_utc":"2025-10-29 16:34:14","url":"https:\/\/www.meinesuedstadt.de\/termine\/event\/vom-leben-und-tod-totem\/","rest_url":"https:\/\/www.meinesuedstadt.de\/termine\/wp-json\/tribe\/events\/v1\/events\/77965","title":"Vom Leben und Tod: T\u00f3tem","description":"<p>mit anschlie\u00dfendem Filmgespr\u00e4ch! Tona (Mateo Garc\u00eda Elizondo) ist noch jung, aber krank und steuert deshalb unaufhaltsam auf das Ende seines Lebens zu. Sein bevorstehender Geburtstag wird deshalb auch eine Art Abschied f\u00fcr den Maler sein. Auch Tonas sieben Jahre alte Tochter Sol (Na\u00edma Sent\u00edes) hilft bei den Vorbereitungen der Feierlichkeiten mit. Die gesamte Familie steht dabei unter Strom, aus M\u00fccken werden irgendwann Elefanten und schon bald wird die Familienbande auf eine harte Probe gestellt. Doch auch in diesem Chaos gelingt es Sol, mit dem Loslassen ihres sterbenden Vaters \u00fcbereinzukommen und inneren Frieden zu schlie\u00dfen.<\/p>","excerpt":"","slug":"vom-leben-und-tod-totem","image":{"url":"https:\/\/www.meinesuedstadt.de\/termine\/wp-content\/uploads\/2025\/10\/5599663.jpg","id":77966,"extension":"jpg","width":353,"height":500,"filesize":87061,"sizes":{"thumbnail":{"width":300,"height":425,"mime-type":"image\/jpeg","filesize":31004,"url":"https:\/\/www.meinesuedstadt.de\/termine\/wp-content\/uploads\/2025\/10\/5599663-300x425.jpg"}}},"all_day":false,"start_date":"2025-11-02 13:30:00","start_date_details":{"year":"2025","month":"11","day":"02","hour":"13","minutes":"30","seconds":"00"},"end_date":"2025-11-02 13:30:00","end_date_details":{"year":"2025","month":"11","day":"02","hour":"13","minutes":"30","seconds":"00"},"utc_start_date":"2025-11-02 12:30:00","utc_start_date_details":{"year":"2025","month":"11","day":"02","hour":"12","minutes":"30","seconds":"00"},"utc_end_date":"2025-11-02 12:30:00","utc_end_date_details":{"year":"2025","month":"11","day":"02","hour":"12","minutes":"30","seconds":"00"},"timezone":"Europe\/Berlin","timezone_abbr":"CET","cost":"6\u20ac \u2013 10\u20ac","cost_details":{"currency_symbol":"\u20ac","currency_code":"USD","currency_position":"suffix","values":["6","10"]},"website":"","show_map":false,"show_map_link":true,"hide_from_listings":false,"sticky":false,"featured":false,"categories":[{"name":"Kino","slug":"kino","term_group":0,"term_taxonomy_id":82,"taxonomy":"tribe_events_cat","description":"","parent":0,"count":869,"filter":"raw","id":82,"urls":{"self":"https:\/\/www.meinesuedstadt.de\/termine\/wp-json\/tribe\/events\/v1\/categories\/82","collection":"https:\/\/www.meinesuedstadt.de\/termine\/wp-json\/tribe\/events\/v1\/categories"}}],"tags":[],"venue":{"id":1634,"author":"3","status":"publish","date":"2018-01-08 09:38:14","date_utc":"2018-01-08 08:38:14","modified":"2018-01-08 09:38:14","modified_utc":"2018-01-08 08:38:14","url":"https:\/\/www.meinesuedstadt.de\/termine\/veranstaltungsort\/odeon-kino\/","venue":"Odeon Kino","slug":"odeon-kino","address":"Severinstra\u00dfe 81","city":"K\u00f6ln","country":"Deutschland","zip":"50678","phone":"0221 313110","website":"http:\/\/www.odeon-koeln.de","geo_lat":50.9253452,"geo_lng":6.9581313,"json_ld":{"@type":"Place","name":"Odeon Kino","description":"","url":"https:\/\/www.meinesuedstadt.de\/termine\/veranstaltungsort\/odeon-kino\/","address":{"@type":"PostalAddress","streetAddress":"Severinstra\u00dfe 81","addressLocality":"K\u00f6ln","postalCode":"50678","addressCountry":"Deutschland"},"geo":{"@type":"GeoCoordinates","latitude":50.9253452,"longitude":6.9581313},"telephone":"0221 313110","sameAs":"http:\/\/www.odeon-koeln.de"},"show_map":true,"show_map_link":true,"global_id":"www.meinesuedstadt.de\/termine?id=1634","global_id_lineage":["www.meinesuedstadt.de\/termine?id=1634"]},"organizer":[{"id":1635,"author":"3","status":"publish","date":"2018-01-08 09:38:14","date_utc":"2018-01-08 08:38:14","modified":"2018-01-08 09:38:14","modified_utc":"2018-01-08 08:38:14","url":"https:\/\/www.meinesuedstadt.de\/termine\/veranstalter\/odeon-kino\/","organizer":"Odeon Kino","slug":"odeon-kino","phone":"0221 313110","website":"http:\/\/www.odeon-koeln.de","json_ld":{"@type":"Person","name":"Odeon Kino","description":"","url":"http:\/\/www.odeon-koeln.de","telephone":"0221 313110","email":"","sameAs":"http:\/\/www.odeon-koeln.de"},"global_id":"www.meinesuedstadt.de\/termine?id=1635","global_id_lineage":["www.meinesuedstadt.de\/termine?id=1635"]}],"custom_fields":[],"json_ld":{"@context":"http:\/\/schema.org","@type":"Event","name":"Vom Leben und Tod: T\u00f3tem","description":"&lt;p&gt;mit anschlie\u00dfendem Filmgespr\u00e4ch! Tona (Mateo Garc\u00eda Elizondo) ist noch jung, aber krank und steuert deshalb unaufhaltsam auf das Ende seines Lebens zu. Sein bevorstehender Geburtstag wird deshalb auch eine Art [&hellip;]&lt;\/p&gt;\\n","image":"https:\/\/www.meinesuedstadt.de\/termine\/wp-content\/uploads\/2025\/10\/5599663.jpg","url":"https:\/\/www.meinesuedstadt.de\/termine\/event\/vom-leben-und-tod-totem\/","eventAttendanceMode":"https:\/\/schema.org\/OfflineEventAttendanceMode","eventStatus":"https:\/\/schema.org\/EventScheduled","startDate":"2025-11-02T13:30:00+01:00","endDate":"2025-11-02T13:30:00+01:00","location":{"@type":"Place","name":"Odeon Kino","description":"","url":"https:\/\/www.meinesuedstadt.de\/termine\/veranstaltungsort\/odeon-kino\/","address":{"@type":"PostalAddress","streetAddress":"Severinstra\u00dfe 81","addressLocality":"K\u00f6ln","postalCode":"50678","addressCountry":"Deutschland"},"geo":{"@type":"GeoCoordinates","latitude":50.9253452,"longitude":6.9581313},"telephone":"0221 313110","sameAs":"http:\/\/www.odeon-koeln.de"},"organizer":{"@type":"Person","name":"Odeon Kino","description":"","url":"http:\/\/www.odeon-koeln.de","telephone":"0221 313110","email":"","sameAs":"http:\/\/www.odeon-koeln.de"},"offers":{"@type":"Offer","price":"6 \u2013 10","priceCurrency":"USD","url":"https:\/\/www.meinesuedstadt.de\/termine\/event\/vom-leben-und-tod-totem\/","category":"primary","availability":"inStock","validFrom":"1970-01-01T00:00:00+00:00"},"performer":"Organization"},"is_virtual":false,"virtual_url":null,"virtual_video_source":""}