{"id":78347,"global_id":"www.meinesuedstadt.de\/termine?id=78347","global_id_lineage":["www.meinesuedstadt.de\/termine?id=78347"],"author":"3","status":"publish","date":"2025-08-30 16:54:53","date_utc":"2025-08-30 14:54:53","modified":"2025-08-30 16:54:53","modified_utc":"2025-08-30 14:54:53","url":"https:\/\/www.meinesuedstadt.de\/termine\/event\/man-kann-auch-in-die-hoehe-fallen-ua-2025-09-05\/2026-01-25\/","rest_url":"https:\/\/www.meinesuedstadt.de\/termine\/wp-json\/tribe\/events\/v1\/events\/78347","title":"Man kann auch in die H\u00f6he fallen (UA)","description":"<p>Sieben Jahre lief ACH DIESE L\u00dcCKE, DIESE ENTSETZLICHE L\u00dcCKE nach dem Roman von Joachim Meyerhoff am Theater der Keller. Jetzt kommt die Fortsetzung. Inzwischen ist der Erz\u00e4hler Mitte f\u00fcnfzig, Vater, erfolgreicher Schauspieler und Autor und in einer Schaffenskrise. Er f\u00fchlt sich vom Zerfall bedroht. Eine selbstverordnete Kur bei seiner betagten Mutter auf dem Land soll ihn wieder aufrichten. Dort will er ein Buch schreiben. Unter dem Titel \u201eScham und B\u00fchne\u201c will er seine Theatergeschichten erz\u00e4hlen \u2013 von Ariel im Aufzug, von Baghira im Dschungelbuch, vom onanierenden Priester \u2013 in der Hoffnung, so zum Theater zur\u00fcckzufinden. Doch in der Sph\u00e4re der Mutter kommt es anders als gedacht: Der Theaterstar wird wieder zum Sohn, das eigentliche Graviationszentrum ist die Mutter.<br \/>\n<em>Bild: Anja Ensmann<\/em><\/p>","excerpt":"","slug":"man-kann-auch-in-die-hoehe-fallen-ua-2025-09-05-2026-01-25","image":{"url":"https:\/\/www.meinesuedstadt.de\/termine\/wp-content\/uploads\/2025\/08\/hoehe-fallen-DSF1782-rz-6f2b1479.jpeg","id":76740,"extension":"jpeg","width":500,"height":337,"filesize":38586,"sizes":{"thumbnail":{"width":300,"height":202,"mime-type":"image\/jpeg","filesize":9199,"url":"https:\/\/www.meinesuedstadt.de\/termine\/wp-content\/uploads\/2025\/08\/hoehe-fallen-DSF1782-rz-6f2b1479-300x202.jpeg"}}},"all_day":false,"start_date":"2026-01-25 18:00:00","start_date_details":{"year":"2026","month":"01","day":"25","hour":"18","minutes":"00","seconds":"00"},"end_date":"2026-01-25 18:00:00","end_date_details":{"year":"2026","month":"01","day":"25","hour":"18","minutes":"00","seconds":"00"},"utc_start_date":"2026-01-25 17:00:00","utc_start_date_details":{"year":"2026","month":"01","day":"25","hour":"17","minutes":"00","seconds":"00"},"utc_end_date":"2026-01-25 17:00:00","utc_end_date_details":{"year":"2026","month":"01","day":"25","hour":"17","minutes":"00","seconds":"00"},"timezone":"Europe\/Berlin","timezone_abbr":"","cost":"11\u20ac \u2013 24\u20ac","cost_details":{"currency_symbol":"\u20ac","currency_code":"USD","currency_position":"suffix","values":["11","24"]},"website":"","show_map":false,"show_map_link":true,"hide_from_listings":false,"sticky":false,"featured":false,"categories":[{"name":"Theater","slug":"theater","term_group":0,"term_taxonomy_id":14,"taxonomy":"tribe_events_cat","description":"","parent":0,"count":461,"filter":"raw","id":14,"urls":{"self":"https:\/\/www.meinesuedstadt.de\/termine\/wp-json\/tribe\/events\/v1\/categories\/14","collection":"https:\/\/www.meinesuedstadt.de\/termine\/wp-json\/tribe\/events\/v1\/categories"}}],"tags":[],"venue":{"id":48,"author":"1","status":"publish","date":"2017-12-18 15:05:06","date_utc":"2017-12-18 14:05:06","modified":"2019-08-16 13:12:43","modified_utc":"2019-08-16 11:12:43","url":"https:\/\/www.meinesuedstadt.de\/termine\/veranstaltungsort\/theater-der-keller\/","venue":"Theater der Keller","slug":"theater-der-keller","address":"In der TanzFaktur\/Siegburger Str. 233w","city":"K\u00f6ln","zip":"50679","phone":"0221 \/ 27220990","website":"http:\/\/www.theater-der-keller.de","geo_lat":50.9228014,"geo_lng":6.9817389,"json_ld":{"@type":"Place","name":"Theater der Keller","description":"","url":"https:\/\/www.meinesuedstadt.de\/termine\/veranstaltungsort\/theater-der-keller\/","address":{"@type":"PostalAddress","streetAddress":"In der TanzFaktur\/Siegburger Str. 233w","addressLocality":"K\u00f6ln","postalCode":"50679"},"geo":{"@type":"GeoCoordinates","latitude":50.9228014,"longitude":6.9817389},"telephone":"0221 \/ 27220990","sameAs":"http:\/\/www.theater-der-keller.de"},"show_map":true,"show_map_link":true,"global_id":"www.meinesuedstadt.de\/termine?id=48","global_id_lineage":["www.meinesuedstadt.de\/termine?id=48"]},"organizer":[],"custom_fields":[],"json_ld":{"@context":"http:\/\/schema.org","@type":"Event","name":"Man kann auch in die H\u00f6he fallen (UA)","description":"&lt;p&gt;Sieben Jahre lief ACH DIESE L\u00dcCKE, DIESE ENTSETZLICHE L\u00dcCKE nach dem Roman von Joachim Meyerhoff am Theater der Keller. Jetzt kommt die Fortsetzung. Inzwischen ist der Erz\u00e4hler Mitte f\u00fcnfzig, Vater, [&hellip;]&lt;\/p&gt;\\n","image":"https:\/\/www.meinesuedstadt.de\/termine\/wp-content\/uploads\/2025\/08\/hoehe-fallen-DSF1782-rz-6f2b1479.jpeg","url":"https:\/\/www.meinesuedstadt.de\/termine\/event\/man-kann-auch-in-die-hoehe-fallen-ua-2025-09-05\/2026-01-25\/","eventAttendanceMode":"https:\/\/schema.org\/OfflineEventAttendanceMode","eventStatus":"https:\/\/schema.org\/EventScheduled","startDate":"2026-01-25T18:00:00+01:00","endDate":"2026-01-25T18:00:00+01:00","location":{"@type":"Place","name":"Theater der Keller","description":"","url":"https:\/\/www.meinesuedstadt.de\/termine\/veranstaltungsort\/theater-der-keller\/","address":{"@type":"PostalAddress","streetAddress":"In der TanzFaktur\/Siegburger Str. 233w","addressLocality":"K\u00f6ln","postalCode":"50679"},"geo":{"@type":"GeoCoordinates","latitude":50.9228014,"longitude":6.9817389},"telephone":"0221 \/ 27220990","sameAs":"http:\/\/www.theater-der-keller.de"},"offers":{"@type":"Offer","price":"11 \u2013 24","priceCurrency":"USD","url":"https:\/\/www.meinesuedstadt.de\/termine\/event\/man-kann-auch-in-die-hoehe-fallen-ua-2025-09-05\/2026-01-25\/","category":"primary","availability":"inStock","validFrom":"2025-08-30T00:00:00+00:00"},"performer":"Organization"},"is_virtual":false,"virtual_url":null,"virtual_video_source":""}