{"id":78356,"global_id":"www.meinesuedstadt.de\/termine?id=78356","global_id_lineage":["www.meinesuedstadt.de\/termine?id=78356"],"author":"3","status":"publish","date":"2025-11-02 17:04:11","date_utc":"2025-11-02 16:04:11","modified":"2025-11-02 17:04:11","modified_utc":"2025-11-02 16:04:11","url":"https:\/\/www.meinesuedstadt.de\/termine\/event\/in-erinnerung-an-juergen-becker\/","rest_url":"https:\/\/www.meinesuedstadt.de\/termine\/wp-json\/tribe\/events\/v1\/events\/78356","title":"In Erinnerung an J\u00fcrgen Becker","description":"<p>Der B\u00fcchner- und B\u00f6ll-Preistr\u00e4ger, der K\u00f6lner Autor J\u00fcrgen Becker ist im November 2024 gestorben. Gemeinsam mit Nadja K\u00fcchenmeister, Marcel Beyer, Marion Poschmann, Nico Bleutge, Sabine K\u00fcchler, Ekkehard Skoruppa sowie den Enkelkindern Lotte und Tristan Becker erinnern wir an einen Autor, dem es in Gedichten wie Prosa stets gelang, das Allt\u00e4gliche neu und unbekannt und das Unbekannte nah erscheinen zu lassen. In J\u00fcrgen Beckers Beobachtungen, seinen Beschreibungen von Gegenst\u00e4nden und Erinnerungen lesen wir ein wirksames Portr\u00e4t unserer Zeit. Erg\u00e4nzt wird der Abend mit Fotografien von Boris Becker, es moderiert Frieder von Ammon.<\/p>","excerpt":"","slug":"in-erinnerung-an-juergen-becker","image":{"url":"https:\/\/www.meinesuedstadt.de\/termine\/wp-content\/uploads\/2025\/11\/5i_1KINS.jpeg","id":78357,"extension":"jpeg","width":600,"height":460,"filesize":132874,"sizes":{"thumbnail":{"width":300,"height":230,"mime-type":"image\/jpeg","filesize":21767,"url":"https:\/\/www.meinesuedstadt.de\/termine\/wp-content\/uploads\/2025\/11\/5i_1KINS-300x230.jpeg"}}},"all_day":false,"start_date":"2025-11-09 18:00:00","start_date_details":{"year":"2025","month":"11","day":"09","hour":"18","minutes":"00","seconds":"00"},"end_date":"2025-11-09 18:00:00","end_date_details":{"year":"2025","month":"11","day":"09","hour":"18","minutes":"00","seconds":"00"},"utc_start_date":"2025-11-09 17:00:00","utc_start_date_details":{"year":"2025","month":"11","day":"09","hour":"17","minutes":"00","seconds":"00"},"utc_end_date":"2025-11-09 17:00:00","utc_end_date_details":{"year":"2025","month":"11","day":"09","hour":"17","minutes":"00","seconds":"00"},"timezone":"Europe\/Berlin","timezone_abbr":"CET","cost":"12\u20ac \u2013 14\u20ac","cost_details":{"currency_symbol":"\u20ac","currency_code":"USD","currency_position":"suffix","values":["12","14"]},"website":"","show_map":false,"show_map_link":true,"hide_from_listings":false,"sticky":false,"featured":false,"categories":[{"name":"Lesung","slug":"lesung","term_group":0,"term_taxonomy_id":33,"taxonomy":"tribe_events_cat","description":"","parent":0,"count":80,"filter":"raw","id":33,"urls":{"self":"https:\/\/www.meinesuedstadt.de\/termine\/wp-json\/tribe\/events\/v1\/categories\/33","collection":"https:\/\/www.meinesuedstadt.de\/termine\/wp-json\/tribe\/events\/v1\/categories"}}],"tags":[],"venue":{"id":10503,"author":"3","status":"publish","date":"2018-09-18 11:03:01","date_utc":"2018-09-18 09:03:01","modified":"2018-09-18 11:03:01","modified_utc":"2018-09-18 09:03:01","url":"https:\/\/www.meinesuedstadt.de\/termine\/veranstaltungsort\/comedia-theater-2\/","venue":"Comedia Theater","slug":"comedia-theater-2","address":"Vondelstra\u00dfe 4-8","city":"K\u00f6ln","country":"Deutschland","province":"NRW","zip":"50677","website":"http:\/\/www.comedia-koeln.de","stateprovince":"NRW","geo_lat":50.9206662,"geo_lng":6.9553669,"json_ld":{"@type":"Place","name":"Comedia Theater","description":"","url":"https:\/\/www.meinesuedstadt.de\/termine\/veranstaltungsort\/comedia-theater-2\/","address":{"@type":"PostalAddress","streetAddress":"Vondelstra\u00dfe 4-8","addressLocality":"K\u00f6ln","addressRegion":"NRW","postalCode":"50677","addressCountry":"Deutschland"},"geo":{"@type":"GeoCoordinates","latitude":50.9206662,"longitude":6.9553669},"telephone":"","sameAs":"http:\/\/www.comedia-koeln.de"},"show_map":true,"show_map_link":true,"global_id":"www.meinesuedstadt.de\/termine?id=10503","global_id_lineage":["www.meinesuedstadt.de\/termine?id=10503"]},"organizer":[{"id":10609,"author":"3","status":"publish","date":"2018-09-20 10:03:09","date_utc":"2018-09-20 08:03:09","modified":"2018-09-20 10:03:09","modified_utc":"2018-09-20 08:03:09","url":"https:\/\/www.meinesuedstadt.de\/termine\/veranstalter\/literaturhaus\/","organizer":"Literaturhaus","slug":"literaturhaus","json_ld":{"@type":"Person","name":"Literaturhaus","description":"","url":"","telephone":"","email":"","sameAs":""},"global_id":"www.meinesuedstadt.de\/termine?id=10609","global_id_lineage":["www.meinesuedstadt.de\/termine?id=10609"]}],"custom_fields":[],"json_ld":{"@context":"http:\/\/schema.org","@type":"Event","name":"In Erinnerung an J\u00fcrgen Becker","description":"&lt;p&gt;Der B\u00fcchner- und B\u00f6ll-Preistr\u00e4ger, der K\u00f6lner Autor J\u00fcrgen Becker ist im November 2024 gestorben. Gemeinsam mit Nadja K\u00fcchenmeister, Marcel Beyer, Marion Poschmann, Nico Bleutge, Sabine K\u00fcchler, Ekkehard Skoruppa sowie den [&hellip;]&lt;\/p&gt;\\n","image":"https:\/\/www.meinesuedstadt.de\/termine\/wp-content\/uploads\/2025\/11\/5i_1KINS.jpeg","url":"https:\/\/www.meinesuedstadt.de\/termine\/event\/in-erinnerung-an-juergen-becker\/","eventAttendanceMode":"https:\/\/schema.org\/OfflineEventAttendanceMode","eventStatus":"https:\/\/schema.org\/EventScheduled","startDate":"2025-11-09T18:00:00+01:00","endDate":"2025-11-09T18:00:00+01:00","location":{"@type":"Place","name":"Comedia Theater","description":"","url":"https:\/\/www.meinesuedstadt.de\/termine\/veranstaltungsort\/comedia-theater-2\/","address":{"@type":"PostalAddress","streetAddress":"Vondelstra\u00dfe 4-8","addressLocality":"K\u00f6ln","addressRegion":"NRW","postalCode":"50677","addressCountry":"Deutschland"},"geo":{"@type":"GeoCoordinates","latitude":50.9206662,"longitude":6.9553669},"telephone":"","sameAs":"http:\/\/www.comedia-koeln.de"},"organizer":{"@type":"Person","name":"Literaturhaus","description":"","url":"","telephone":"","email":"","sameAs":""},"offers":{"@type":"Offer","price":"12 \u2013 14","priceCurrency":"USD","url":"https:\/\/www.meinesuedstadt.de\/termine\/event\/in-erinnerung-an-juergen-becker\/","category":"primary","availability":"inStock","validFrom":"2025-11-02T00:00:00+00:00"},"performer":"Organization"},"is_virtual":false,"virtual_url":null,"virtual_video_source":""}