{"id":78365,"global_id":"www.meinesuedstadt.de\/termine?id=78365","global_id_lineage":["www.meinesuedstadt.de\/termine?id=78365"],"author":"3","status":"publish","date":"2025-11-02 17:12:23","date_utc":"2025-11-02 16:12:23","modified":"2025-11-02 17:12:23","modified_utc":"2025-11-02 16:12:23","url":"https:\/\/www.meinesuedstadt.de\/termine\/event\/leif-randt-lets-talk-about-feelings\/","rest_url":"https:\/\/www.meinesuedstadt.de\/termine\/wp-json\/tribe\/events\/v1\/events\/78365","title":"Leif Randt: Let\u2019s talk about feelings","description":"<p>Leif Randt erz\u00e4hlt in Let\u2019s talk about feelings (Kiepenheuer &#038; Witsch) von Abschied, Aufbruch und Stil. Marian Flanders, Anfang 40, betreibt in Berlin einen wenig profitablen Mode-Store. Als seine Mutter, ein fr\u00fcheres Model, stirbt, veranstaltet er eine unkonventionelle Trauerfeier auf einem Partyboot auf dem Wannsee. Was wie ein Bruch wirkt, wird zum Wendepunkt seines Lebens: Aus falscher Freundlichkeit wird warmherziger Trotz, aus Entt\u00e4uschung erw\u00e4chst stille Euphorie. Leif Randt erfindet das \u00bbComing-of-Middle-Age\u00ab \u2013 optimistisch, ber\u00fchrend und voller Stilbewusstsein. Zusammen mit Christian Bos spricht Leif Randt about feelings.<br \/>\n<em>Bild: Belle Santos<\/em><\/p>","excerpt":"","slug":"leif-randt-lets-talk-about-feelings","image":{"url":"https:\/\/www.meinesuedstadt.de\/termine\/wp-content\/uploads\/2025\/11\/PDLG_Jpg.jpeg","id":78366,"extension":"jpeg","width":600,"height":400,"filesize":93401,"sizes":{"thumbnail":{"width":300,"height":200,"mime-type":"image\/jpeg","filesize":17995,"url":"https:\/\/www.meinesuedstadt.de\/termine\/wp-content\/uploads\/2025\/11\/PDLG_Jpg-300x200.jpeg"}}},"all_day":false,"start_date":"2025-11-05 19:30:00","start_date_details":{"year":"2025","month":"11","day":"05","hour":"19","minutes":"30","seconds":"00"},"end_date":"2025-11-05 19:30:00","end_date_details":{"year":"2025","month":"11","day":"05","hour":"19","minutes":"30","seconds":"00"},"utc_start_date":"2025-11-05 18:30:00","utc_start_date_details":{"year":"2025","month":"11","day":"05","hour":"18","minutes":"30","seconds":"00"},"utc_end_date":"2025-11-05 18:30:00","utc_end_date_details":{"year":"2025","month":"11","day":"05","hour":"18","minutes":"30","seconds":"00"},"timezone":"Europe\/Berlin","timezone_abbr":"CET","cost":"10\u20ac \u2013 12\u20ac","cost_details":{"currency_symbol":"\u20ac","currency_code":"USD","currency_position":"suffix","values":["10","12"]},"website":"","show_map":false,"show_map_link":true,"hide_from_listings":false,"sticky":false,"featured":false,"categories":[{"name":"Lesung","slug":"lesung","term_group":0,"term_taxonomy_id":33,"taxonomy":"tribe_events_cat","description":"","parent":0,"count":80,"filter":"raw","id":33,"urls":{"self":"https:\/\/www.meinesuedstadt.de\/termine\/wp-json\/tribe\/events\/v1\/categories\/33","collection":"https:\/\/www.meinesuedstadt.de\/termine\/wp-json\/tribe\/events\/v1\/categories"}}],"tags":[],"venue":{"id":17973,"author":"3","status":"publish","date":"2019-06-04 17:02:01","date_utc":"2019-06-04 15:02:01","modified":"2021-08-10 18:50:43","modified_utc":"2021-08-10 16:50:43","url":"https:\/\/www.meinesuedstadt.de\/termine\/veranstaltungsort\/literaturhaus-koeln\/","venue":"Literaturhaus K\u00f6ln","slug":"literaturhaus-koeln","address":"Gro\u00dfer Griechenmarkt 39","city":"K\u00f6ln","country":"Deutschland","province":"NRW","zip":"50676","stateprovince":"NRW","geo_lat":50.9324287,"geo_lng":6.9529607,"json_ld":{"@type":"Place","name":"Literaturhaus K\u00f6ln","description":"","url":"https:\/\/www.meinesuedstadt.de\/termine\/veranstaltungsort\/literaturhaus-koeln\/","address":{"@type":"PostalAddress","streetAddress":"Gro\u00dfer Griechenmarkt 39","addressLocality":"K\u00f6ln","addressRegion":"NRW","postalCode":"50676","addressCountry":"Deutschland"},"geo":{"@type":"GeoCoordinates","latitude":50.9324287,"longitude":6.9529607},"telephone":"","sameAs":""},"show_map":true,"show_map_link":true,"global_id":"www.meinesuedstadt.de\/termine?id=17973","global_id_lineage":["www.meinesuedstadt.de\/termine?id=17973"]},"organizer":[],"custom_fields":[],"json_ld":{"@context":"http:\/\/schema.org","@type":"Event","name":"Leif Randt: Let\u2019s talk about feelings","description":"&lt;p&gt;Leif Randt erz\u00e4hlt in Let\u2019s talk about feelings (Kiepenheuer &amp; Witsch) von Abschied, Aufbruch und Stil. Marian Flanders, Anfang 40, betreibt in Berlin einen wenig profitablen Mode-Store. Als seine Mutter, [&hellip;]&lt;\/p&gt;\\n","image":"https:\/\/www.meinesuedstadt.de\/termine\/wp-content\/uploads\/2025\/11\/PDLG_Jpg.jpeg","url":"https:\/\/www.meinesuedstadt.de\/termine\/event\/leif-randt-lets-talk-about-feelings\/","eventAttendanceMode":"https:\/\/schema.org\/OfflineEventAttendanceMode","eventStatus":"https:\/\/schema.org\/EventScheduled","startDate":"2025-11-05T19:30:00+01:00","endDate":"2025-11-05T19:30:00+01:00","location":{"@type":"Place","name":"Literaturhaus K\u00f6ln","description":"","url":"https:\/\/www.meinesuedstadt.de\/termine\/veranstaltungsort\/literaturhaus-koeln\/","address":{"@type":"PostalAddress","streetAddress":"Gro\u00dfer Griechenmarkt 39","addressLocality":"K\u00f6ln","addressRegion":"NRW","postalCode":"50676","addressCountry":"Deutschland"},"geo":{"@type":"GeoCoordinates","latitude":50.9324287,"longitude":6.9529607},"telephone":"","sameAs":""},"offers":{"@type":"Offer","price":"10 \u2013 12","priceCurrency":"USD","url":"https:\/\/www.meinesuedstadt.de\/termine\/event\/leif-randt-lets-talk-about-feelings\/","category":"primary","availability":"inStock","validFrom":"2025-11-02T00:00:00+00:00"},"performer":"Organization"},"is_virtual":false,"virtual_url":null,"virtual_video_source":""}