{"id":78379,"global_id":"www.meinesuedstadt.de\/termine?id=78379","global_id_lineage":["www.meinesuedstadt.de\/termine?id=78379"],"author":"3","status":"publish","date":"2025-11-02 21:04:13","date_utc":"2025-11-02 20:04:13","modified":"2025-11-02 21:04:13","modified_utc":"2025-11-02 20:04:13","url":"https:\/\/www.meinesuedstadt.de\/termine\/event\/veedels-weihnachtsmarkt-im-herzen-der-koelner-suedstadt\/2025-11-30\/","rest_url":"https:\/\/www.meinesuedstadt.de\/termine\/wp-json\/tribe\/events\/v1\/events\/78379","title":"Veedels-Weihnachtsmarkt im Herzen der K\u00f6lner S\u00fcdstadt","description":"<p>Auf dem wundersch\u00f6nen Chlodwigplatz im Herzen der K\u00f6lner S\u00fcdstadt pr\u00e4sentiert die ABC, die Interessengemeinschaft der S\u00fcdstadt Gewerbetreibenden, wieder tolle Aussteller mit einmaligen Dingen. Aus dem Veedel f\u00fcr das Veedel.<br \/>\nGl\u00fchwein und Design, K\u00f6lsch und Kunst, Kinderkarussell und Kakao, Vereine und Clubs. Lasst Euch ohne Stress und Eile auf die Weihnachtszeit einstimmen. Trefft Freunde und die Familie im Schatten der m\u00e4chtigen Torburg. Findet au\u00dfergew\u00f6hnliche Geschenke, die es nur hier gibt. Vegane Spezialit\u00e4ten, Reibekuchen, Bratwurst, leckeren Gl\u00fchwein, Hot-Cocktails und Reissdorf-K\u00f6lsch vom Fass.<br \/>\nDauer: 20.11.-23.12.2025<br \/>\n\u00d6ffnungszeiten: t\u00e4glich 12-22 Uhr<\/p>","excerpt":"","slug":"veedels-weihnachtsmarkt-im-herzen-der-koelner-suedstadt-2025-11-30","image":{"url":"https:\/\/www.meinesuedstadt.de\/termine\/wp-content\/uploads\/2025\/11\/Veedelsadvent-Koeln-Suedstadt-2025-88espe0cxq13bse.jpg","id":78369,"extension":"jpg","width":600,"height":400,"filesize":84750,"sizes":{"thumbnail":{"width":300,"height":200,"mime-type":"image\/jpeg","filesize":17770,"url":"https:\/\/www.meinesuedstadt.de\/termine\/wp-content\/uploads\/2025\/11\/Veedelsadvent-Koeln-Suedstadt-2025-88espe0cxq13bse-300x200.jpg"}}},"all_day":false,"start_date":"2025-11-30 12:00:00","start_date_details":{"year":"2025","month":"11","day":"30","hour":"12","minutes":"00","seconds":"00"},"end_date":"2025-11-30 22:00:00","end_date_details":{"year":"2025","month":"11","day":"30","hour":"22","minutes":"00","seconds":"00"},"utc_start_date":"2025-11-30 11:00:00","utc_start_date_details":{"year":"2025","month":"11","day":"30","hour":"11","minutes":"00","seconds":"00"},"utc_end_date":"2025-11-30 21:00:00","utc_end_date_details":{"year":"2025","month":"11","day":"30","hour":"21","minutes":"00","seconds":"00"},"timezone":"Europe\/Berlin","timezone_abbr":"","cost":"Kostenlos","cost_details":{"currency_symbol":"\u20ac","currency_code":"USD","currency_position":"suffix","values":["0"]},"website":"","show_map":false,"show_map_link":true,"hide_from_listings":false,"sticky":false,"featured":false,"categories":[{"name":"Genuss","slug":"genuss","term_group":0,"term_taxonomy_id":90,"taxonomy":"tribe_events_cat","description":"","parent":0,"count":260,"filter":"raw","id":90,"urls":{"self":"https:\/\/www.meinesuedstadt.de\/termine\/wp-json\/tribe\/events\/v1\/categories\/90","collection":"https:\/\/www.meinesuedstadt.de\/termine\/wp-json\/tribe\/events\/v1\/categories"}},{"name":"Handwerk","slug":"handwerk","term_group":0,"term_taxonomy_id":77,"taxonomy":"tribe_events_cat","description":"","parent":0,"count":155,"filter":"raw","id":77,"urls":{"self":"https:\/\/www.meinesuedstadt.de\/termine\/wp-json\/tribe\/events\/v1\/categories\/77","collection":"https:\/\/www.meinesuedstadt.de\/termine\/wp-json\/tribe\/events\/v1\/categories"}}],"tags":[],"venue":{"id":40270,"author":"3","status":"publish","date":"2022-08-03 07:43:52","date_utc":"2022-08-03 05:43:52","modified":"2022-08-03 07:43:52","modified_utc":"2022-08-03 05:43:52","url":"https:\/\/www.meinesuedstadt.de\/termine\/veranstaltungsort\/am-chlodwigplatz\/","venue":"Am Chlodwigplatz","slug":"am-chlodwigplatz","city":"K\u00f6ln","country":"Deutschland","province":"NRW","zip":"50677","stateprovince":"NRW","geo_lat":50.9200408,"geo_lng":6.9533042,"json_ld":{"@type":"Place","name":"Am Chlodwigplatz","description":"","url":"https:\/\/www.meinesuedstadt.de\/termine\/veranstaltungsort\/am-chlodwigplatz\/","address":{"@type":"PostalAddress","addressLocality":"K\u00f6ln","addressRegion":"NRW","postalCode":"50677","addressCountry":"Deutschland"},"geo":{"@type":"GeoCoordinates","latitude":50.9200408,"longitude":6.9533042},"telephone":"","sameAs":""},"show_map":true,"show_map_link":true,"global_id":"www.meinesuedstadt.de\/termine?id=40270","global_id_lineage":["www.meinesuedstadt.de\/termine?id=40270"]},"organizer":[],"custom_fields":[],"json_ld":{"@context":"http:\/\/schema.org","@type":"Event","name":"Veedels-Weihnachtsmarkt im Herzen der K\u00f6lner S\u00fcdstadt","description":"&lt;p&gt;Auf dem wundersch\u00f6nen Chlodwigplatz im Herzen der K\u00f6lner S\u00fcdstadt pr\u00e4sentiert die ABC, die Interessengemeinschaft der S\u00fcdstadt Gewerbetreibenden, wieder tolle Aussteller mit einmaligen Dingen. Aus dem Veedel f\u00fcr das Veedel. Gl\u00fchwein [&hellip;]&lt;\/p&gt;\\n","image":"https:\/\/www.meinesuedstadt.de\/termine\/wp-content\/uploads\/2025\/11\/Veedelsadvent-Koeln-Suedstadt-2025-88espe0cxq13bse.jpg","url":"https:\/\/www.meinesuedstadt.de\/termine\/event\/veedels-weihnachtsmarkt-im-herzen-der-koelner-suedstadt\/2025-11-30\/","eventAttendanceMode":"https:\/\/schema.org\/OfflineEventAttendanceMode","eventStatus":"https:\/\/schema.org\/EventScheduled","startDate":"2025-11-30T12:00:00+01:00","endDate":"2025-11-30T22:00:00+01:00","location":{"@type":"Place","name":"Am Chlodwigplatz","description":"","url":"https:\/\/www.meinesuedstadt.de\/termine\/veranstaltungsort\/am-chlodwigplatz\/","address":{"@type":"PostalAddress","addressLocality":"K\u00f6ln","addressRegion":"NRW","postalCode":"50677","addressCountry":"Deutschland"},"geo":{"@type":"GeoCoordinates","latitude":50.9200408,"longitude":6.9533042},"telephone":"","sameAs":""},"offers":{"@type":"Offer","price":"0","priceCurrency":"USD","url":"https:\/\/www.meinesuedstadt.de\/termine\/event\/veedels-weihnachtsmarkt-im-herzen-der-koelner-suedstadt\/2025-11-30\/","category":"primary","availability":"inStock","validFrom":"2025-11-02T00:00:00+00:00"},"performer":"Organization"},"is_virtual":false,"virtual_url":null,"virtual_video_source":""}