{"id":78509,"global_id":"www.meinesuedstadt.de\/termine?id=78509","global_id_lineage":["www.meinesuedstadt.de\/termine?id=78509"],"author":"3","status":"publish","date":"2025-11-02 21:21:15","date_utc":"2025-11-02 20:21:15","modified":"2025-11-02 21:22:01","modified_utc":"2025-11-02 20:22:01","url":"https:\/\/www.meinesuedstadt.de\/termine\/event\/kleinster-weihnachtsmarkt-der-stadt\/2025-12-09\/","rest_url":"https:\/\/www.meinesuedstadt.de\/termine\/wp-json\/tribe\/events\/v1\/events\/78509","title":"Kleinster Weihnachtsmarkt der Stadt","description":"<p>In 2025 wird der Kleinste Weihnachtsmarkt der Stadt einen Monat lang im wundersch\u00f6nen HELLERS Biergarten im Volksgarten f\u00fcr euch und den guten Zweck da sein. Es wird besinnlich und feuchtfr\u00f6hlich. Es wird wieder f\u00fcr eine bessere Welt getrunken und der gesamte Erl\u00f6s kommt verschiedenen guten Zwecken zugute.<br \/>\nEs haben auch wieder wundervolle Bands zugesagt \u2013 lasst euch \u00fcberraschen, trinkt viele Tassen Gl\u00fchwein und erlebt ein paar friedliche und besinnliche Stunden bei uns.<br \/>\nDauer: 19.11.-20.12.2025<br \/>\n\u00d6ffnungszeiten: MO\u2013FR 17\u201322 Uhr, SA 15\u201322 Uhr, SO 15\u201320 Uhr<br \/>\nAlle Erl\u00f6se werden gespendet, jede gearbeitete Stunde ist ehrenamtlich.<\/p>","excerpt":"","slug":"kleinster-weihnachtsmarkt-der-stadt-2025-12-09","image":{"url":"https:\/\/www.meinesuedstadt.de\/termine\/wp-content\/uploads\/2025\/11\/Weihnachtsmarkt-Ponyhof-2025_16-x9_web.jpg","id":78487,"extension":"jpg","width":600,"height":338,"filesize":86857,"sizes":{"thumbnail":{"width":300,"height":169,"mime-type":"image\/jpeg","filesize":17541,"url":"https:\/\/www.meinesuedstadt.de\/termine\/wp-content\/uploads\/2025\/11\/Weihnachtsmarkt-Ponyhof-2025_16-x9_web-300x169.jpg"}}},"all_day":false,"start_date":"2025-12-09 17:00:00","start_date_details":{"year":"2025","month":"12","day":"09","hour":"17","minutes":"00","seconds":"00"},"end_date":"2025-12-09 22:00:00","end_date_details":{"year":"2025","month":"12","day":"09","hour":"22","minutes":"00","seconds":"00"},"utc_start_date":"2025-12-09 16:00:00","utc_start_date_details":{"year":"2025","month":"12","day":"09","hour":"16","minutes":"00","seconds":"00"},"utc_end_date":"2025-12-09 21:00:00","utc_end_date_details":{"year":"2025","month":"12","day":"09","hour":"21","minutes":"00","seconds":"00"},"timezone":"Europe\/Berlin","timezone_abbr":"","cost":"Kostenlos","cost_details":{"currency_symbol":"\u20ac","currency_code":"USD","currency_position":"suffix","values":["0"]},"website":"","show_map":false,"show_map_link":true,"hide_from_listings":false,"sticky":false,"featured":false,"categories":[{"name":"Familie","slug":"familie","term_group":0,"term_taxonomy_id":214,"taxonomy":"tribe_events_cat","description":"","parent":0,"count":122,"filter":"raw","id":214,"urls":{"self":"https:\/\/www.meinesuedstadt.de\/termine\/wp-json\/tribe\/events\/v1\/categories\/214","collection":"https:\/\/www.meinesuedstadt.de\/termine\/wp-json\/tribe\/events\/v1\/categories"}},{"name":"Genuss","slug":"genuss","term_group":0,"term_taxonomy_id":90,"taxonomy":"tribe_events_cat","description":"","parent":0,"count":260,"filter":"raw","id":90,"urls":{"self":"https:\/\/www.meinesuedstadt.de\/termine\/wp-json\/tribe\/events\/v1\/categories\/90","collection":"https:\/\/www.meinesuedstadt.de\/termine\/wp-json\/tribe\/events\/v1\/categories"}},{"name":"Handwerk","slug":"handwerk","term_group":0,"term_taxonomy_id":77,"taxonomy":"tribe_events_cat","description":"","parent":0,"count":155,"filter":"raw","id":77,"urls":{"self":"https:\/\/www.meinesuedstadt.de\/termine\/wp-json\/tribe\/events\/v1\/categories\/77","collection":"https:\/\/www.meinesuedstadt.de\/termine\/wp-json\/tribe\/events\/v1\/categories"}}],"tags":[],"venue":{"id":78488,"author":"3","status":"publish","date":"2025-11-02 21:21:15","date_utc":"2025-11-02 20:21:15","modified":"2025-11-02 21:21:15","modified_utc":"2025-11-02 20:21:15","url":"https:\/\/www.meinesuedstadt.de\/termine\/veranstaltungsort\/hellers-biergarten\/","venue":"HELLERS Biergarten","slug":"hellers-biergarten","address":"Volksgartenstra\u00dfe 27","city":"K\u00f6ln","zip":"50677","json_ld":{"@type":"Place","name":"HELLERS Biergarten","description":"","url":"https:\/\/www.meinesuedstadt.de\/termine\/veranstaltungsort\/hellers-biergarten\/","address":{"@type":"PostalAddress","streetAddress":"Volksgartenstra\u00dfe 27","addressLocality":"K\u00f6ln","postalCode":"50677"},"telephone":"","sameAs":""},"show_map":true,"show_map_link":true,"global_id":"www.meinesuedstadt.de\/termine?id=78488","global_id_lineage":["www.meinesuedstadt.de\/termine?id=78488"]},"organizer":[],"custom_fields":[],"json_ld":{"@context":"http:\/\/schema.org","@type":"Event","name":"Kleinster Weihnachtsmarkt der Stadt","description":"&lt;p&gt;In 2025 wird der Kleinste Weihnachtsmarkt der Stadt einen Monat lang im wundersch\u00f6nen HELLERS Biergarten im Volksgarten f\u00fcr euch und den guten Zweck da sein. Es wird besinnlich und feuchtfr\u00f6hlich. [&hellip;]&lt;\/p&gt;\\n","image":"https:\/\/www.meinesuedstadt.de\/termine\/wp-content\/uploads\/2025\/11\/Weihnachtsmarkt-Ponyhof-2025_16-x9_web.jpg","url":"https:\/\/www.meinesuedstadt.de\/termine\/event\/kleinster-weihnachtsmarkt-der-stadt\/2025-12-09\/","eventAttendanceMode":"https:\/\/schema.org\/OfflineEventAttendanceMode","eventStatus":"https:\/\/schema.org\/EventScheduled","startDate":"2025-12-09T17:00:00+01:00","endDate":"2025-12-09T22:00:00+01:00","location":{"@type":"Place","name":"HELLERS Biergarten","description":"","url":"https:\/\/www.meinesuedstadt.de\/termine\/veranstaltungsort\/hellers-biergarten\/","address":{"@type":"PostalAddress","streetAddress":"Volksgartenstra\u00dfe 27","addressLocality":"K\u00f6ln","postalCode":"50677"},"telephone":"","sameAs":""},"offers":{"@type":"Offer","price":"0","priceCurrency":"USD","url":"https:\/\/www.meinesuedstadt.de\/termine\/event\/kleinster-weihnachtsmarkt-der-stadt\/2025-12-09\/","category":"primary","availability":"inStock","validFrom":"2025-11-02T00:00:00+00:00"},"performer":"Organization"},"is_virtual":false,"virtual_url":null,"virtual_video_source":""}