{"id":78595,"global_id":"www.meinesuedstadt.de\/termine?id=78595","global_id_lineage":["www.meinesuedstadt.de\/termine?id=78595"],"author":"3","status":"publish","date":"2025-11-05 19:53:24","date_utc":"2025-11-05 18:53:24","modified":"2025-11-05 19:53:24","modified_utc":"2025-11-05 18:53:24","url":"https:\/\/www.meinesuedstadt.de\/termine\/event\/dann-passiert-das-leben\/2025-11-09\/","rest_url":"https:\/\/www.meinesuedstadt.de\/termine\/wp-json\/tribe\/events\/v1\/events\/78595","title":"Dann passiert das Leben","description":"<p>Hans, der als Schuldirektor kurz vor der Pensionierung steht, bewegt sich f\u00fcr seine Frau Rita eher wie ein Gast in ihrem Leben. Der gemeinsame Sohn ist l\u00e4ngst aus dem Haus und die langj\u00e4hrige Ehe der beiden folgt einer eingespielten Routine, bei der Rita den Takt vorgibt. Und wenn es nach ihr geht, gibt es keinen Grund, irgendetwas daran zu \u00e4ndern. \u00dcberhaupt: sie mag keine Ver\u00e4nderungen. Die neuen Fliesen im Bad sind nur der Anfang von etwas, das Rita gro\u00dfe Sorgen macht. Auf einmal werden alte Wunden wieder sichtbar. Auf einmal f\u00e4llt den beiden auf, wie wenig sie \u00fcber das Leben ihres Sohnes wissen. Auf einmal ist da diese Leere im Leben der beiden. Auf einmal ist nicht mehr klar, ob sie zwei Einzelne oder ein Paar sind. Doch dann passiert das Leben\u2026<\/p>","excerpt":"","slug":"dann-passiert-das-leben-2025-11-09","image":{"url":"https:\/\/www.meinesuedstadt.de\/termine\/wp-content\/uploads\/2025\/11\/35bfa5269280d28a0b5b0e171bb17319.jpg","id":78592,"extension":"jpg","width":600,"height":479,"filesize":125853,"sizes":{"thumbnail":{"width":300,"height":240,"mime-type":"image\/jpeg","filesize":17013,"url":"https:\/\/www.meinesuedstadt.de\/termine\/wp-content\/uploads\/2025\/11\/35bfa5269280d28a0b5b0e171bb17319-300x240.jpg"}}},"all_day":false,"start_date":"2025-11-09 15:30:00","start_date_details":{"year":"2025","month":"11","day":"09","hour":"15","minutes":"30","seconds":"00"},"end_date":"2025-11-09 15:30:00","end_date_details":{"year":"2025","month":"11","day":"09","hour":"15","minutes":"30","seconds":"00"},"utc_start_date":"2025-11-09 14:30:00","utc_start_date_details":{"year":"2025","month":"11","day":"09","hour":"14","minutes":"30","seconds":"00"},"utc_end_date":"2025-11-09 14:30:00","utc_end_date_details":{"year":"2025","month":"11","day":"09","hour":"14","minutes":"30","seconds":"00"},"timezone":"Europe\/Berlin","timezone_abbr":"","cost":"6\u20ac \u2013 10\u20ac","cost_details":{"currency_symbol":"\u20ac","currency_code":"USD","currency_position":"suffix","values":["6","10"]},"website":"","show_map":false,"show_map_link":true,"hide_from_listings":false,"sticky":false,"featured":false,"categories":[{"name":"Kino","slug":"kino","term_group":0,"term_taxonomy_id":82,"taxonomy":"tribe_events_cat","description":"","parent":0,"count":869,"filter":"raw","id":82,"urls":{"self":"https:\/\/www.meinesuedstadt.de\/termine\/wp-json\/tribe\/events\/v1\/categories\/82","collection":"https:\/\/www.meinesuedstadt.de\/termine\/wp-json\/tribe\/events\/v1\/categories"}}],"tags":[],"venue":{"id":1634,"author":"3","status":"publish","date":"2018-01-08 09:38:14","date_utc":"2018-01-08 08:38:14","modified":"2018-01-08 09:38:14","modified_utc":"2018-01-08 08:38:14","url":"https:\/\/www.meinesuedstadt.de\/termine\/veranstaltungsort\/odeon-kino\/","venue":"Odeon Kino","slug":"odeon-kino","address":"Severinstra\u00dfe 81","city":"K\u00f6ln","country":"Deutschland","zip":"50678","phone":"0221 313110","website":"http:\/\/www.odeon-koeln.de","geo_lat":50.9253452,"geo_lng":6.9581313,"json_ld":{"@type":"Place","name":"Odeon Kino","description":"","url":"https:\/\/www.meinesuedstadt.de\/termine\/veranstaltungsort\/odeon-kino\/","address":{"@type":"PostalAddress","streetAddress":"Severinstra\u00dfe 81","addressLocality":"K\u00f6ln","postalCode":"50678","addressCountry":"Deutschland"},"geo":{"@type":"GeoCoordinates","latitude":50.9253452,"longitude":6.9581313},"telephone":"0221 313110","sameAs":"http:\/\/www.odeon-koeln.de"},"show_map":true,"show_map_link":true,"global_id":"www.meinesuedstadt.de\/termine?id=1634","global_id_lineage":["www.meinesuedstadt.de\/termine?id=1634"]},"organizer":[{"id":1635,"author":"3","status":"publish","date":"2018-01-08 09:38:14","date_utc":"2018-01-08 08:38:14","modified":"2018-01-08 09:38:14","modified_utc":"2018-01-08 08:38:14","url":"https:\/\/www.meinesuedstadt.de\/termine\/veranstalter\/odeon-kino\/","organizer":"Odeon Kino","slug":"odeon-kino","phone":"0221 313110","website":"http:\/\/www.odeon-koeln.de","json_ld":{"@type":"Person","name":"Odeon Kino","description":"","url":"http:\/\/www.odeon-koeln.de","telephone":"0221 313110","email":"","sameAs":"http:\/\/www.odeon-koeln.de"},"global_id":"www.meinesuedstadt.de\/termine?id=1635","global_id_lineage":["www.meinesuedstadt.de\/termine?id=1635"]}],"custom_fields":[],"json_ld":{"@context":"http:\/\/schema.org","@type":"Event","name":"Dann passiert das Leben","description":"&lt;p&gt;Hans, der als Schuldirektor kurz vor der Pensionierung steht, bewegt sich f\u00fcr seine Frau Rita eher wie ein Gast in ihrem Leben. Der gemeinsame Sohn ist l\u00e4ngst aus dem Haus [&hellip;]&lt;\/p&gt;\\n","image":"https:\/\/www.meinesuedstadt.de\/termine\/wp-content\/uploads\/2025\/11\/35bfa5269280d28a0b5b0e171bb17319.jpg","url":"https:\/\/www.meinesuedstadt.de\/termine\/event\/dann-passiert-das-leben\/2025-11-09\/","eventAttendanceMode":"https:\/\/schema.org\/OfflineEventAttendanceMode","eventStatus":"https:\/\/schema.org\/EventScheduled","startDate":"2025-11-09T15:30:00+01:00","endDate":"2025-11-09T15:30:00+01:00","location":{"@type":"Place","name":"Odeon Kino","description":"","url":"https:\/\/www.meinesuedstadt.de\/termine\/veranstaltungsort\/odeon-kino\/","address":{"@type":"PostalAddress","streetAddress":"Severinstra\u00dfe 81","addressLocality":"K\u00f6ln","postalCode":"50678","addressCountry":"Deutschland"},"geo":{"@type":"GeoCoordinates","latitude":50.9253452,"longitude":6.9581313},"telephone":"0221 313110","sameAs":"http:\/\/www.odeon-koeln.de"},"organizer":{"@type":"Person","name":"Odeon Kino","description":"","url":"http:\/\/www.odeon-koeln.de","telephone":"0221 313110","email":"","sameAs":"http:\/\/www.odeon-koeln.de"},"offers":{"@type":"Offer","price":"6 \u2013 10","priceCurrency":"USD","url":"https:\/\/www.meinesuedstadt.de\/termine\/event\/dann-passiert-das-leben\/2025-11-09\/","category":"primary","availability":"inStock","validFrom":"2025-11-05T00:00:00+00:00"},"performer":"Organization"},"is_virtual":false,"virtual_url":null,"virtual_video_source":""}