{"id":79234,"global_id":"www.meinesuedstadt.de\/termine?id=79234","global_id_lineage":["www.meinesuedstadt.de\/termine?id=79234"],"author":"3","status":"publish","date":"2025-12-06 12:08:24","date_utc":"2025-12-06 11:08:24","modified":"2025-12-06 12:09:27","modified_utc":"2025-12-06 11:09:27","url":"https:\/\/www.meinesuedstadt.de\/termine\/event\/maren-streifling\/2025-12-14\/","rest_url":"https:\/\/www.meinesuedstadt.de\/termine\/wp-json\/tribe\/events\/v1\/events\/79234","title":"Maren Streifling &#038; Georg M\u00fcller","description":"<p>Die beiden K\u00fcnstler Maren Streifling und Georg M\u00fcller laden Euch zu ihrer Ausstellung \u2019FOTOGRAFIE &#038; abstrakte malerei\u2018 in der Galerie Smend ein. Ganz besonders freut sich Georg dar\u00fcber, sein Fotobuch \u2019SITTEWATIONEN\u2019 vorstellen zu k\u00f6nnen.<\/p>","excerpt":"","slug":"maren-streifling-2025-12-14","image":{"url":"https:\/\/www.meinesuedstadt.de\/termine\/wp-content\/uploads\/2025\/12\/Einladung-Ausstellung-Georg-Mueller-Galerie-Smend-02.jpg","id":79231,"extension":"jpg","width":400,"height":500,"filesize":59956,"sizes":{"thumbnail":{"width":300,"height":375,"mime-type":"image\/jpeg","filesize":19116,"url":"https:\/\/www.meinesuedstadt.de\/termine\/wp-content\/uploads\/2025\/12\/Einladung-Ausstellung-Georg-Mueller-Galerie-Smend-02-300x375.jpg"}}},"all_day":false,"start_date":"2025-12-14 14:00:00","start_date_details":{"year":"2025","month":"12","day":"14","hour":"14","minutes":"00","seconds":"00"},"end_date":"2025-12-14 20:00:00","end_date_details":{"year":"2025","month":"12","day":"14","hour":"20","minutes":"00","seconds":"00"},"utc_start_date":"2025-12-14 13:00:00","utc_start_date_details":{"year":"2025","month":"12","day":"14","hour":"13","minutes":"00","seconds":"00"},"utc_end_date":"2025-12-14 19:00:00","utc_end_date_details":{"year":"2025","month":"12","day":"14","hour":"19","minutes":"00","seconds":"00"},"timezone":"Europe\/Berlin","timezone_abbr":"","cost":"Kostenlos","cost_details":{"currency_symbol":"\u20ac","currency_code":"USD","currency_position":"suffix","values":["0"]},"website":"","show_map":false,"show_map_link":true,"hide_from_listings":false,"sticky":false,"featured":false,"categories":[{"name":"Ausstellung","slug":"ausstellung","term_group":0,"term_taxonomy_id":43,"taxonomy":"tribe_events_cat","description":"","parent":0,"count":1691,"filter":"raw","id":43,"urls":{"self":"https:\/\/www.meinesuedstadt.de\/termine\/wp-json\/tribe\/events\/v1\/categories\/43","collection":"https:\/\/www.meinesuedstadt.de\/termine\/wp-json\/tribe\/events\/v1\/categories"}}],"tags":[],"venue":{"id":61576,"author":"3","status":"publish","date":"2024-11-02 12:48:53","date_utc":"2024-11-02 11:48:53","modified":"2024-11-02 12:48:53","modified_utc":"2024-11-02 11:48:53","url":"https:\/\/www.meinesuedstadt.de\/termine\/veranstaltungsort\/galerie-smend-37\/","venue":"Galerie Smend\/37","slug":"galerie-smend-37","address":"Mainzer Stra\u00dfe 37","city":"K\u00f6ln","country":"Germany","province":"K\u00f6ln","state":"Nordrhein-Westfalen","zip":"50678","geo_lat":50.9195489,"geo_lng":6.9647295,"json_ld":{"@type":"Place","name":"Galerie Smend\/37","description":"","url":"https:\/\/www.meinesuedstadt.de\/termine\/veranstaltungsort\/galerie-smend-37\/","address":{"@type":"PostalAddress","streetAddress":"Mainzer Stra\u00dfe 37","addressLocality":"K\u00f6ln","addressRegion":"K\u00f6ln","postalCode":"50678","addressCountry":"Germany"},"geo":{"@type":"GeoCoordinates","latitude":50.9195489,"longitude":6.9647295},"telephone":"","sameAs":""},"show_map":false,"show_map_link":false,"global_id":"www.meinesuedstadt.de\/termine?id=61576","global_id_lineage":["www.meinesuedstadt.de\/termine?id=61576"]},"organizer":[],"custom_fields":[],"json_ld":{"@context":"http:\/\/schema.org","@type":"Event","name":"Maren Streifling &#038; Georg M\u00fcller","description":"&lt;p&gt;Die beiden K\u00fcnstler Maren Streifling und Georg M\u00fcller laden Euch zu ihrer Ausstellung \u2019FOTOGRAFIE &amp; abstrakte malerei\u2018 in der Galerie Smend ein. Ganz besonders freut sich Georg dar\u00fcber, sein Fotobuch [&hellip;]&lt;\/p&gt;\\n","image":"https:\/\/www.meinesuedstadt.de\/termine\/wp-content\/uploads\/2025\/12\/Einladung-Ausstellung-Georg-Mueller-Galerie-Smend-02.jpg","url":"https:\/\/www.meinesuedstadt.de\/termine\/event\/maren-streifling\/2025-12-14\/","eventAttendanceMode":"https:\/\/schema.org\/OfflineEventAttendanceMode","eventStatus":"https:\/\/schema.org\/EventScheduled","startDate":"2025-12-14T14:00:00+01:00","endDate":"2025-12-14T20:00:00+01:00","location":{"@type":"Place","name":"Galerie Smend\/37","description":"","url":"https:\/\/www.meinesuedstadt.de\/termine\/veranstaltungsort\/galerie-smend-37\/","address":{"@type":"PostalAddress","streetAddress":"Mainzer Stra\u00dfe 37","addressLocality":"K\u00f6ln","addressRegion":"K\u00f6ln","postalCode":"50678","addressCountry":"Germany"},"geo":{"@type":"GeoCoordinates","latitude":50.9195489,"longitude":6.9647295},"telephone":"","sameAs":""},"offers":{"@type":"Offer","price":"0","priceCurrency":"USD","url":"https:\/\/www.meinesuedstadt.de\/termine\/event\/maren-streifling\/2025-12-14\/","category":"primary","availability":"inStock","validFrom":"1970-01-01T00:00:00+00:00"},"performer":"Organization"},"is_virtual":false,"virtual_url":null,"virtual_video_source":""}