{"id":79469,"global_id":"www.meinesuedstadt.de\/termine?id=79469","global_id_lineage":["www.meinesuedstadt.de\/termine?id=79469"],"author":"3","status":"publish","date":"2025-12-20 21:01:59","date_utc":"2025-12-20 20:01:59","modified":"2025-12-20 21:03:30","modified_utc":"2025-12-20 20:03:30","url":"https:\/\/www.meinesuedstadt.de\/termine\/event\/thilo-seibel-deutschland-ueberleben-premiere\/2026-03-06\/","rest_url":"https:\/\/www.meinesuedstadt.de\/termine\/wp-json\/tribe\/events\/v1\/events\/79469","title":"Thilo Seibel &#8211; Deutschland \u00fcberleben!  (Premiere)","description":"<p>Ganz reale Satire mit Adam Schlonski! Wenn du irgendwann im Leben und wahrscheinlich erst vor kurzem mal gedacht hast: \u201eHerrjeh, in diesem Land funktioniert gar nichts mehr.\u201c Oder sogar: \u201eIch kann gar keine Nachrichten mehr ertragen.\u201c Dann solltest du dir das Programm von Adam Schlonski nicht entgehen lassen.<br \/>\nDenn Adam Schlonski ist auf jeden Fall schlechter dran als du. Aber wahrscheinlich besser drauf. Adam ist der charmante \u00dcberlebensk\u00fcnstler mit Mindestlohn. Er hat all die Jobs gemacht, die du nicht machen willst: Von A wie Schlachthof bis Z wie Pflegekraft 48 Stunden am Tag. Und dieser Adam Schlonski kennt nicht nur das wichtigste Lebensmotto: \u201eNie den Sand in den Kopf stecken!\u201c<br \/>\nEr hat viel mehr f\u00fcr dich: All die wertvollen Skills, mit denen auch du deinen Alltag in Deutschland \u00fcberleben kannst. Und das auch noch mit Freude! Das ist Motivations-Comedy mit Mehrwert!<br \/>\nAn diesem Abend hast du nicht nur Riesenspa\u00df. Du erh\u00e4ltst obendrein von Adam Schlonski deinen individuellen \u00dcberlebens-Bauplan \u00fcberreicht. Damit bekommst du nicht nur Lebenslust, sondern \u00dcberlebenskunst. Das musst du erlebt haben.<br \/>\n<em>Bild: Uli Grohs<\/em><\/p>","excerpt":"","slug":"thilo-seibel-deutschland-ueberleben-premiere","image":{"url":"https:\/\/www.meinesuedstadt.de\/termine\/wp-content\/uploads\/2025\/12\/Thilo-Seibel_Adam-Schlonski-1-2.jpg","id":79470,"extension":"jpg","width":600,"height":468,"filesize":65107,"sizes":{"thumbnail":{"width":300,"height":234,"mime-type":"image\/jpeg","filesize":11410,"url":"https:\/\/www.meinesuedstadt.de\/termine\/wp-content\/uploads\/2025\/12\/Thilo-Seibel_Adam-Schlonski-1-2-300x234.jpg"}}},"all_day":false,"start_date":"2026-03-06 20:00:00","start_date_details":{"year":"2026","month":"03","day":"06","hour":"20","minutes":"00","seconds":"00"},"end_date":"2026-03-06 20:00:00","end_date_details":{"year":"2026","month":"03","day":"06","hour":"20","minutes":"00","seconds":"00"},"utc_start_date":"2026-03-06 19:00:00","utc_start_date_details":{"year":"2026","month":"03","day":"06","hour":"19","minutes":"00","seconds":"00"},"utc_end_date":"2026-03-06 19:00:00","utc_end_date_details":{"year":"2026","month":"03","day":"06","hour":"19","minutes":"00","seconds":"00"},"timezone":"Europe\/Berlin","timezone_abbr":"CET","cost":"19\u20ac \u2013 23\u20ac","cost_details":{"currency_symbol":"\u20ac","currency_code":"USD","currency_position":"suffix","values":["19","23"]},"website":"","show_map":false,"show_map_link":true,"hide_from_listings":false,"sticky":false,"featured":false,"categories":[{"name":"Kleinkunst","slug":"kleinkunst","term_group":0,"term_taxonomy_id":939,"taxonomy":"tribe_events_cat","description":"","parent":0,"count":218,"filter":"raw","id":939,"urls":{"self":"https:\/\/www.meinesuedstadt.de\/termine\/wp-json\/tribe\/events\/v1\/categories\/939","collection":"https:\/\/www.meinesuedstadt.de\/termine\/wp-json\/tribe\/events\/v1\/categories"}}],"tags":[{"name":"Kabarett","slug":"kabarett","term_group":0,"term_taxonomy_id":19,"taxonomy":"post_tag","description":"","parent":0,"count":46,"filter":"raw","id":19,"urls":{"self":"https:\/\/www.meinesuedstadt.de\/termine\/wp-json\/tribe\/events\/v1\/tags\/19","collection":"https:\/\/www.meinesuedstadt.de\/termine\/wp-json\/tribe\/events\/v1\/tags"}}],"venue":{"id":59121,"author":"3","status":"publish","date":"2024-08-18 20:04:02","date_utc":"2024-08-18 18:04:02","modified":"2025-07-30 15:14:15","modified_utc":"2025-07-30 13:14:15","url":"https:\/\/www.meinesuedstadt.de\/termine\/veranstaltungsort\/theater-509-im-buergerhaus-stollwerck\/","venue":"Theater 509 im B\u00fcrgerhaus Stollwerck","slug":"theater-509-im-buergerhaus-stollwerck","address":"Dreik\u00f6nigenstra\u00dfe 23","city":"K\u00f6ln","province":"K\u00f6ln","zip":"50678","stateprovince":"K\u00f6ln","geo_lat":50.9252956,"geo_lng":6.964478,"json_ld":{"@type":"Place","name":"Theater 509 im B\u00fcrgerhaus Stollwerck","description":"","url":"https:\/\/www.meinesuedstadt.de\/termine\/veranstaltungsort\/theater-509-im-buergerhaus-stollwerck\/","address":{"@type":"PostalAddress","streetAddress":"Dreik\u00f6nigenstra\u00dfe 23","addressLocality":"K\u00f6ln","addressRegion":"K\u00f6ln","postalCode":"50678"},"geo":{"@type":"GeoCoordinates","latitude":50.9252956,"longitude":6.964478},"telephone":"","sameAs":""},"show_map":false,"show_map_link":false,"global_id":"www.meinesuedstadt.de\/termine?id=59121","global_id_lineage":["www.meinesuedstadt.de\/termine?id=59121"]},"organizer":[{"id":64777,"author":"3","status":"publish","date":"2024-12-01 23:26:24","date_utc":"0000-00-00 00:00:00","modified":"2024-12-01 23:26:24","modified_utc":"0000-00-00 00:00:00","url":"https:\/\/www.meinesuedstadt.de\/termine\/veranstalter\/theater-509-im-buergerhaus-stollwerck\/","organizer":"Theater 509 im B\u00fcrgerhaus Stollwerck","slug":"theater-509-im-buergerhaus-stollwerck","json_ld":{"@type":"Person","name":"Theater 509 im B\u00fcrgerhaus Stollwerck","description":"","url":"","telephone":"","email":"","sameAs":""},"global_id":"www.meinesuedstadt.de\/termine?id=64777","global_id_lineage":["www.meinesuedstadt.de\/termine?id=64777"]}],"custom_fields":[],"json_ld":{"@context":"http:\/\/schema.org","@type":"Event","name":"Thilo Seibel &#8211; Deutschland \u00fcberleben!  (Premiere)","description":"&lt;p&gt;Ganz reale Satire mit Adam Schlonski! Wenn du irgendwann im Leben und wahrscheinlich erst vor kurzem mal gedacht hast: \u201eHerrjeh, in diesem Land funktioniert gar nichts mehr.\u201c Oder sogar: \u201eIch [&hellip;]&lt;\/p&gt;\\n","image":"https:\/\/www.meinesuedstadt.de\/termine\/wp-content\/uploads\/2025\/12\/Thilo-Seibel_Adam-Schlonski-1-2.jpg","url":"https:\/\/www.meinesuedstadt.de\/termine\/event\/thilo-seibel-deutschland-ueberleben-premiere\/2026-03-06\/","eventAttendanceMode":"https:\/\/schema.org\/OfflineEventAttendanceMode","eventStatus":"https:\/\/schema.org\/EventScheduled","startDate":"2026-03-06T20:00:00+01:00","endDate":"2026-03-06T20:00:00+01:00","location":{"@type":"Place","name":"Theater 509 im B\u00fcrgerhaus Stollwerck","description":"","url":"https:\/\/www.meinesuedstadt.de\/termine\/veranstaltungsort\/theater-509-im-buergerhaus-stollwerck\/","address":{"@type":"PostalAddress","streetAddress":"Dreik\u00f6nigenstra\u00dfe 23","addressLocality":"K\u00f6ln","addressRegion":"K\u00f6ln","postalCode":"50678"},"geo":{"@type":"GeoCoordinates","latitude":50.9252956,"longitude":6.964478},"telephone":"","sameAs":""},"organizer":{"@type":"Person","name":"Theater 509 im B\u00fcrgerhaus Stollwerck","description":"","url":"","telephone":"","email":"","sameAs":""},"offers":{"@type":"Offer","price":"19 \u2013 23","priceCurrency":"USD","url":"https:\/\/www.meinesuedstadt.de\/termine\/event\/thilo-seibel-deutschland-ueberleben-premiere\/2026-03-06\/","category":"primary","availability":"inStock","validFrom":"1970-01-01T00:00:00+00:00"},"performer":"Organization"},"is_virtual":false,"virtual_url":null,"virtual_video_source":""}