{"id":79725,"global_id":"www.meinesuedstadt.de\/termine?id=79725","global_id_lineage":["www.meinesuedstadt.de\/termine?id=79725"],"author":"3","status":"publish","date":"2025-08-31 12:13:52","date_utc":"2025-08-31 10:13:52","modified":"2025-08-31 12:13:52","modified_utc":"2025-08-31 10:13:52","url":"https:\/\/www.meinesuedstadt.de\/termine\/event\/marlene-piaf-ua-2025-09-13\/2026-03-05\/","rest_url":"https:\/\/www.meinesuedstadt.de\/termine\/wp-json\/tribe\/events\/v1\/events\/79725","title":"Marlene Piaf (UA)","description":"<p>Die eine war ein Kind aus der Pariser Gosse, die andere stammte aus gutb\u00fcrgerlichem Berliner Haus. Die eine engagierte sich gegen die Nazis, die andere wurde von ihnen verehrt. Dennoch waren sie eng miteinander befreundet, vielleicht sogar mehr als das. Fasziniert von der Radikalit\u00e4t und Konsequenz dieser beiden Ikonen, versucht eine junge Schauspielerin und S\u00e4ngerin, hinter die Mythen und Legenden zu gelangen. Sie folgt den Lebenswegen der beiden K\u00fcnstlerinnen in ihrem Glanz und ihrer Selbstzerst\u00f6rung, in ihren Lieben und Exzessen, in ihren Erfolgen und ihrem Scheitern und sucht nach Antworten in ihren Liedern &#8211; von \u201eIch bin die fesche Lola\u201c bis zu \u201eNon, je ne regrette rien\u201c. Mit Paula G\u00f6tz &#038; am Klavier Gleb Tchepki.<br \/>\n<em>Bild: Oliver Str\u00f6mer <\/em><\/p>","excerpt":"","slug":"marlene-piaf-ua-2025-09-13-2026-03-05","image":{"url":"https:\/\/www.meinesuedstadt.de\/termine\/wp-content\/uploads\/2025\/08\/dietrich-DSF2556-v2-rz-web5-4950552b.jpeg","id":76759,"extension":"jpeg","width":600,"height":315,"filesize":81277,"sizes":{"thumbnail":{"width":300,"height":158,"mime-type":"image\/jpeg","filesize":9852,"url":"https:\/\/www.meinesuedstadt.de\/termine\/wp-content\/uploads\/2025\/08\/dietrich-DSF2556-v2-rz-web5-4950552b-300x158.jpeg"}}},"all_day":false,"start_date":"2026-03-05 20:00:00","start_date_details":{"year":"2026","month":"03","day":"05","hour":"20","minutes":"00","seconds":"00"},"end_date":"2026-03-05 20:00:00","end_date_details":{"year":"2026","month":"03","day":"05","hour":"20","minutes":"00","seconds":"00"},"utc_start_date":"2026-03-05 19:00:00","utc_start_date_details":{"year":"2026","month":"03","day":"05","hour":"19","minutes":"00","seconds":"00"},"utc_end_date":"2026-03-05 19:00:00","utc_end_date_details":{"year":"2026","month":"03","day":"05","hour":"19","minutes":"00","seconds":"00"},"timezone":"Europe\/Berlin","timezone_abbr":"","cost":"11\u20ac \u2013 24\u20ac","cost_details":{"currency_symbol":"\u20ac","currency_code":"USD","currency_position":"suffix","values":["11","24"]},"website":"","show_map":false,"show_map_link":true,"hide_from_listings":false,"sticky":false,"featured":false,"categories":[{"name":"Theater","slug":"theater","term_group":0,"term_taxonomy_id":14,"taxonomy":"tribe_events_cat","description":"","parent":0,"count":461,"filter":"raw","id":14,"urls":{"self":"https:\/\/www.meinesuedstadt.de\/termine\/wp-json\/tribe\/events\/v1\/categories\/14","collection":"https:\/\/www.meinesuedstadt.de\/termine\/wp-json\/tribe\/events\/v1\/categories"}}],"tags":[],"venue":{"id":48,"author":"1","status":"publish","date":"2017-12-18 15:05:06","date_utc":"2017-12-18 14:05:06","modified":"2019-08-16 13:12:43","modified_utc":"2019-08-16 11:12:43","url":"https:\/\/www.meinesuedstadt.de\/termine\/veranstaltungsort\/theater-der-keller\/","venue":"Theater der Keller","slug":"theater-der-keller","address":"In der TanzFaktur\/Siegburger Str. 233w","city":"K\u00f6ln","zip":"50679","phone":"0221 \/ 27220990","website":"http:\/\/www.theater-der-keller.de","geo_lat":50.9228014,"geo_lng":6.9817389,"json_ld":{"@type":"Place","name":"Theater der Keller","description":"","url":"https:\/\/www.meinesuedstadt.de\/termine\/veranstaltungsort\/theater-der-keller\/","address":{"@type":"PostalAddress","streetAddress":"In der TanzFaktur\/Siegburger Str. 233w","addressLocality":"K\u00f6ln","postalCode":"50679"},"geo":{"@type":"GeoCoordinates","latitude":50.9228014,"longitude":6.9817389},"telephone":"0221 \/ 27220990","sameAs":"http:\/\/www.theater-der-keller.de"},"show_map":true,"show_map_link":true,"global_id":"www.meinesuedstadt.de\/termine?id=48","global_id_lineage":["www.meinesuedstadt.de\/termine?id=48"]},"organizer":[],"custom_fields":[],"json_ld":{"@context":"http:\/\/schema.org","@type":"Event","name":"Marlene Piaf (UA)","description":"&lt;p&gt;Die eine war ein Kind aus der Pariser Gosse, die andere stammte aus gutb\u00fcrgerlichem Berliner Haus. Die eine engagierte sich gegen die Nazis, die andere wurde von ihnen verehrt. Dennoch [&hellip;]&lt;\/p&gt;\\n","image":"https:\/\/www.meinesuedstadt.de\/termine\/wp-content\/uploads\/2025\/08\/dietrich-DSF2556-v2-rz-web5-4950552b.jpeg","url":"https:\/\/www.meinesuedstadt.de\/termine\/event\/marlene-piaf-ua-2025-09-13\/2026-03-05\/","eventAttendanceMode":"https:\/\/schema.org\/OfflineEventAttendanceMode","eventStatus":"https:\/\/schema.org\/EventScheduled","startDate":"2026-03-05T20:00:00+01:00","endDate":"2026-03-05T20:00:00+01:00","location":{"@type":"Place","name":"Theater der Keller","description":"","url":"https:\/\/www.meinesuedstadt.de\/termine\/veranstaltungsort\/theater-der-keller\/","address":{"@type":"PostalAddress","streetAddress":"In der TanzFaktur\/Siegburger Str. 233w","addressLocality":"K\u00f6ln","postalCode":"50679"},"geo":{"@type":"GeoCoordinates","latitude":50.9228014,"longitude":6.9817389},"telephone":"0221 \/ 27220990","sameAs":"http:\/\/www.theater-der-keller.de"},"offers":{"@type":"Offer","price":"11 \u2013 24","priceCurrency":"USD","url":"https:\/\/www.meinesuedstadt.de\/termine\/event\/marlene-piaf-ua-2025-09-13\/2026-03-05\/","category":"primary","availability":"inStock","validFrom":"2025-08-31T00:00:00+00:00"},"performer":"Organization"},"is_virtual":false,"virtual_url":null,"virtual_video_source":""}