{"id":79829,"global_id":"www.meinesuedstadt.de\/termine?id=79829","global_id_lineage":["www.meinesuedstadt.de\/termine?id=79829"],"author":"3","status":"publish","date":"2026-01-01 15:08:29","date_utc":"2026-01-01 14:08:29","modified":"2026-01-01 15:08:29","modified_utc":"2026-01-01 14:08:29","url":"https:\/\/www.meinesuedstadt.de\/termine\/event\/lubiana-live-in-koeln\/","rest_url":"https:\/\/www.meinesuedstadt.de\/termine\/wp-json\/tribe\/events\/v1\/events\/79829","title":"Lubiana live in K\u00f6ln","description":"<p>Warm Up by CHRISS ASSAAD &#038; ECSTATIC DANCE mit Caroline S\u2019Jegers.<br \/>\nFreut Euch auf LUBIANA \u2013 S\u00e4ngerin, Songwriterin, Multi-Instrumentalistin und Tr\u00e4gerin einer unverwechselbaren spirituellen Energie. Die belgisch-kamerunische K\u00fcnstlerin verwebt Soul, Afro-Pop &#038; Jazz mit den sanften Kl\u00e4ngen ihrer Kora, einer westafrikanischen Harfe. Ihre Stimme ber\u00fchrt \u2013 warm, tief und voller Herz. Lubiana singt in mehreren Sprachen, doch ihre Musik spricht universell. Sie erz\u00e4hlt von Freiheit, Verbundenheit, Selbstliebe und der Kraft, authentisch zu sein. Auf der B\u00fchne entfaltet sie eine magnetische Pr\u00e4senz \u2013 kraftvoll, zart, echt.<br \/>\n15.30 h Einlass Konzert<br \/>\n16:30 h Beginn<br \/>\nECSTATIC DANCE mit DJane Caroline S\u2019Jegers<br \/>\nCaroline ist Pionierin der europ\u00e4ischen Ecstatic-Dance-Bewegung, Mentorin f\u00fcr verk\u00f6rperte F\u00fchrung und Poetin in Bewegung.<br \/>\nIn ihren Sets verschmelzen sanfte Tiefen und wilde H\u00f6hen, pulsierende Rhythmen und fl\u00fcsternde Stille. Sie l\u00e4dt dich ein, nicht nur zu tanzen \u2013 sondern vollst\u00e4ndig zu sein.<br \/>\nIhre Musik \u00f6ffnet R\u00e4ume, in denen Transformation geschieht \u2013 durch Pr\u00e4senz, Atem, Rhythmus und Hingabe.<br \/>\nJedes Event mit ihr ist eine Einladung  zur R\u00fcckkehr: Zum K\u00f6rper. Zum Atem. Zur Wahrheit.<br \/>\n19 Uhr Einlass\/Beginn<br \/>\n22 Uhr Ende<br \/>\nTickets: ab 35 \u20ac<br \/>\nTicketlink: www.biletto.eu<br \/>\nEarly Bird Kombiticket (Konzert + Ecstatic Dance): 50 \u20ac (limitiertes Kontingent)<\/p>","excerpt":"","slug":"lubiana-live-in-koeln","image":{"url":"https:\/\/www.meinesuedstadt.de\/termine\/wp-content\/uploads\/2026\/01\/lubiana_web.jpg","id":79830,"extension":"jpg","width":600,"height":226,"filesize":48928,"sizes":{"thumbnail":{"width":300,"height":113,"mime-type":"image\/jpeg","filesize":9462,"url":"https:\/\/www.meinesuedstadt.de\/termine\/wp-content\/uploads\/2026\/01\/lubiana_web-300x113.jpg"}}},"all_day":false,"start_date":"2026-02-28 16:30:00","start_date_details":{"year":"2026","month":"02","day":"28","hour":"16","minutes":"30","seconds":"00"},"end_date":"2026-02-28 16:30:00","end_date_details":{"year":"2026","month":"02","day":"28","hour":"16","minutes":"30","seconds":"00"},"utc_start_date":"2026-02-28 15:30:00","utc_start_date_details":{"year":"2026","month":"02","day":"28","hour":"15","minutes":"30","seconds":"00"},"utc_end_date":"2026-02-28 15:30:00","utc_end_date_details":{"year":"2026","month":"02","day":"28","hour":"15","minutes":"30","seconds":"00"},"timezone":"Europe\/Berlin","timezone_abbr":"CET","cost":"35\u20ac","cost_details":{"currency_symbol":"\u20ac","currency_code":"USD","currency_position":"suffix","values":["35"]},"website":"","show_map":false,"show_map_link":true,"hide_from_listings":false,"sticky":false,"featured":false,"categories":[{"name":"Konzert","slug":"konzert","term_group":0,"term_taxonomy_id":7,"taxonomy":"tribe_events_cat","description":"","parent":0,"count":314,"filter":"raw","id":7,"urls":{"self":"https:\/\/www.meinesuedstadt.de\/termine\/wp-json\/tribe\/events\/v1\/categories\/7","collection":"https:\/\/www.meinesuedstadt.de\/termine\/wp-json\/tribe\/events\/v1\/categories"}},{"name":"Tanz","slug":"tanz","term_group":0,"term_taxonomy_id":28,"taxonomy":"tribe_events_cat","description":"","parent":0,"count":188,"filter":"raw","id":28,"urls":{"self":"https:\/\/www.meinesuedstadt.de\/termine\/wp-json\/tribe\/events\/v1\/categories\/28","collection":"https:\/\/www.meinesuedstadt.de\/termine\/wp-json\/tribe\/events\/v1\/categories"}}],"tags":[],"venue":{"id":523,"author":"3","status":"publish","date":"2018-01-01 21:29:44","date_utc":"2018-01-01 20:29:44","modified":"2018-01-01 21:29:44","modified_utc":"2018-01-01 20:29:44","url":"https:\/\/www.meinesuedstadt.de\/termine\/veranstaltungsort\/lutherkirche\/","venue":"Lutherkirche","slug":"lutherkirche","address":"Martin-Luther-Platz 4\u2028","city":"K\u00f6ln","country":"Deutschland","zip":"50677","website":"www.lutherkirche-koeln.de","geo_lat":50.9198152,"geo_lng":6.9529678,"json_ld":{"@type":"Place","name":"Lutherkirche","description":"","url":"https:\/\/www.meinesuedstadt.de\/termine\/veranstaltungsort\/lutherkirche\/","address":{"@type":"PostalAddress","streetAddress":"Martin-Luther-Platz 4\u2028","addressLocality":"K\u00f6ln","postalCode":"50677","addressCountry":"Deutschland"},"geo":{"@type":"GeoCoordinates","latitude":50.9198152,"longitude":6.9529678},"telephone":"","sameAs":"www.lutherkirche-koeln.de"},"show_map":true,"show_map_link":true,"global_id":"www.meinesuedstadt.de\/termine?id=523","global_id_lineage":["www.meinesuedstadt.de\/termine?id=523"]},"organizer":[{"id":524,"author":"3","status":"publish","date":"2018-01-01 21:29:44","date_utc":"2018-01-01 20:29:44","modified":"2018-01-01 21:29:44","modified_utc":"2018-01-01 20:29:44","url":"https:\/\/www.meinesuedstadt.de\/termine\/veranstalter\/suedstadt-leben-e-v-%e2%80%a8kultureller-foerderverein-der-lutherkirche%e2%80%a8\/","organizer":"S\u00fcdstadt-Leben e.V.\u2028Kultureller F\u00f6rderverein der Lutherkirche\u2028","slug":"suedstadt-leben-e-v-%e2%80%a8kultureller-foerderverein-der-lutherkirche%e2%80%a8","phone":"0221 3762990","website":"www.suedstadt-leben-koeln.de","email":"suedstadt.leben@koeln.de","json_ld":{"@type":"Person","name":"S\u00fcdstadt-Leben e.V.\u2028Kultureller F\u00f6rderverein der Lutherkirche\u2028","description":"","url":"http:\/\/www.suedstadt-leben-koeln.de","telephone":"0221 3762990","email":"sueds&#116;ad&#116;&#46;&#108;&#101;&#98;&#101;n&#64;koel&#110;.&#100;e","sameAs":"http:\/\/www.suedstadt-leben-koeln.de"},"global_id":"www.meinesuedstadt.de\/termine?id=524","global_id_lineage":["www.meinesuedstadt.de\/termine?id=524"]}],"custom_fields":[],"json_ld":{"@context":"http:\/\/schema.org","@type":"Event","name":"Lubiana live in K\u00f6ln","description":"&lt;p&gt;Warm Up by CHRISS ASSAAD &amp; ECSTATIC DANCE mit Caroline S\u2019Jegers. Freut Euch auf LUBIANA \u2013 S\u00e4ngerin, Songwriterin, Multi-Instrumentalistin und Tr\u00e4gerin einer unverwechselbaren spirituellen Energie. Die belgisch-kamerunische K\u00fcnstlerin verwebt Soul, [&hellip;]&lt;\/p&gt;\\n","image":"https:\/\/www.meinesuedstadt.de\/termine\/wp-content\/uploads\/2026\/01\/lubiana_web.jpg","url":"https:\/\/www.meinesuedstadt.de\/termine\/event\/lubiana-live-in-koeln\/","eventAttendanceMode":"https:\/\/schema.org\/OfflineEventAttendanceMode","eventStatus":"https:\/\/schema.org\/EventScheduled","startDate":"2026-02-28T16:30:00+01:00","endDate":"2026-02-28T16:30:00+01:00","location":{"@type":"Place","name":"Lutherkirche","description":"","url":"https:\/\/www.meinesuedstadt.de\/termine\/veranstaltungsort\/lutherkirche\/","address":{"@type":"PostalAddress","streetAddress":"Martin-Luther-Platz 4\u2028","addressLocality":"K\u00f6ln","postalCode":"50677","addressCountry":"Deutschland"},"geo":{"@type":"GeoCoordinates","latitude":50.9198152,"longitude":6.9529678},"telephone":"","sameAs":"www.lutherkirche-koeln.de"},"organizer":{"@type":"Person","name":"S\u00fcdstadt-Leben e.V.\u2028Kultureller F\u00f6rderverein der Lutherkirche\u2028","description":"","url":"http:\/\/www.suedstadt-leben-koeln.de","telephone":"0221 3762990","email":"&#115;&#117;&#101;ds&#116;a&#100;&#116;.&#108;&#101;&#98;e&#110;&#64;k&#111;e&#108;&#110;&#46;&#100;e","sameAs":"http:\/\/www.suedstadt-leben-koeln.de"},"offers":{"@type":"Offer","price":"35","priceCurrency":"USD","url":"https:\/\/www.meinesuedstadt.de\/termine\/event\/lubiana-live-in-koeln\/","category":"primary","availability":"inStock","validFrom":"1970-01-01T00:00:00+00:00"},"performer":"Organization"},"is_virtual":false,"virtual_url":null,"virtual_video_source":""}