{"id":80122,"global_id":"www.meinesuedstadt.de\/termine?id=80122","global_id_lineage":["www.meinesuedstadt.de\/termine?id=80122"],"author":"3","status":"publish","date":"2026-01-11 11:03:46","date_utc":"2026-01-11 10:03:46","modified":"2026-01-11 11:03:46","modified_utc":"2026-01-11 10:03:46","url":"https:\/\/www.meinesuedstadt.de\/termine\/event\/sergej-lebedew-die-beschuetzerin\/","rest_url":"https:\/\/www.meinesuedstadt.de\/termine\/wp-json\/tribe\/events\/v1\/events\/80122","title":"Sergej Lebedew: Die Besch\u00fctzerin","description":"<p>Sergej Lebedews neuer Roman Die Besch\u00fctzerin (S. Fischer) f\u00fchrt in den Donbass des Sommers 2014: W\u00e4hrend die Tr\u00fcmmer des abgeschossenen Fluges MH-17 zur Erde fallen, lastet die unges\u00fchnte Gewalt der Vergangenheit auf der Landschaft \u2013 in alten Stollen liegen die Opfer der Massaker des Zweiten Weltkrieges. Genau hier leben die Studentin Zhanna und ihre Mutter Marianna. In dichten, poetischen Bildern erz\u00e4hlt Sergej Lebedew vom Schmutz, der bleibt, und vom B\u00f6sen, das immer wiederkehrt. Es moderiert Uli Hufen. Aus der \u00dcbersetzung von Franziska Zwerg liest Olaf Reitz.<br \/>\nVeranstaltungspartner: Lew Kopelew Forum e.V. <\/p>","excerpt":"","slug":"sergej-lebedew-die-beschuetzerin","image":{"url":"https:\/\/www.meinesuedstadt.de\/termine\/wp-content\/uploads\/2026\/01\/jjMk1LHA.png","id":80123,"extension":"png","width":305,"height":500,"filesize":231869,"sizes":{"thumbnail":{"width":300,"height":492,"mime-type":"image\/png","filesize":207776,"url":"https:\/\/www.meinesuedstadt.de\/termine\/wp-content\/uploads\/2026\/01\/jjMk1LHA-300x492.png"}}},"all_day":false,"start_date":"2026-02-09 19:30:00","start_date_details":{"year":"2026","month":"02","day":"09","hour":"19","minutes":"30","seconds":"00"},"end_date":"2026-02-09 19:30:00","end_date_details":{"year":"2026","month":"02","day":"09","hour":"19","minutes":"30","seconds":"00"},"utc_start_date":"2026-02-09 18:30:00","utc_start_date_details":{"year":"2026","month":"02","day":"09","hour":"18","minutes":"30","seconds":"00"},"utc_end_date":"2026-02-09 18:30:00","utc_end_date_details":{"year":"2026","month":"02","day":"09","hour":"18","minutes":"30","seconds":"00"},"timezone":"Europe\/Berlin","timezone_abbr":"CET","cost":"11\u20ac \u2013 13\u20ac","cost_details":{"currency_symbol":"\u20ac","currency_code":"USD","currency_position":"suffix","values":["11","13"]},"website":"","show_map":false,"show_map_link":true,"hide_from_listings":false,"sticky":false,"featured":false,"categories":[{"name":"Lesung","slug":"lesung","term_group":0,"term_taxonomy_id":33,"taxonomy":"tribe_events_cat","description":"","parent":0,"count":80,"filter":"raw","id":33,"urls":{"self":"https:\/\/www.meinesuedstadt.de\/termine\/wp-json\/tribe\/events\/v1\/categories\/33","collection":"https:\/\/www.meinesuedstadt.de\/termine\/wp-json\/tribe\/events\/v1\/categories"}}],"tags":[],"venue":{"id":17973,"author":"3","status":"publish","date":"2019-06-04 17:02:01","date_utc":"2019-06-04 15:02:01","modified":"2021-08-10 18:50:43","modified_utc":"2021-08-10 16:50:43","url":"https:\/\/www.meinesuedstadt.de\/termine\/veranstaltungsort\/literaturhaus-koeln\/","venue":"Literaturhaus K\u00f6ln","slug":"literaturhaus-koeln","address":"Gro\u00dfer Griechenmarkt 39","city":"K\u00f6ln","country":"Deutschland","province":"NRW","zip":"50676","stateprovince":"NRW","geo_lat":50.9324287,"geo_lng":6.9529607,"json_ld":{"@type":"Place","name":"Literaturhaus K\u00f6ln","description":"","url":"https:\/\/www.meinesuedstadt.de\/termine\/veranstaltungsort\/literaturhaus-koeln\/","address":{"@type":"PostalAddress","streetAddress":"Gro\u00dfer Griechenmarkt 39","addressLocality":"K\u00f6ln","addressRegion":"NRW","postalCode":"50676","addressCountry":"Deutschland"},"geo":{"@type":"GeoCoordinates","latitude":50.9324287,"longitude":6.9529607},"telephone":"","sameAs":""},"show_map":true,"show_map_link":true,"global_id":"www.meinesuedstadt.de\/termine?id=17973","global_id_lineage":["www.meinesuedstadt.de\/termine?id=17973"]},"organizer":[],"custom_fields":[],"json_ld":{"@context":"http:\/\/schema.org","@type":"Event","name":"Sergej Lebedew: Die Besch\u00fctzerin","description":"&lt;p&gt;Sergej Lebedews neuer Roman Die Besch\u00fctzerin (S. Fischer) f\u00fchrt in den Donbass des Sommers 2014: W\u00e4hrend die Tr\u00fcmmer des abgeschossenen Fluges MH-17 zur Erde fallen, lastet die unges\u00fchnte Gewalt der [&hellip;]&lt;\/p&gt;\\n","image":"https:\/\/www.meinesuedstadt.de\/termine\/wp-content\/uploads\/2026\/01\/jjMk1LHA.png","url":"https:\/\/www.meinesuedstadt.de\/termine\/event\/sergej-lebedew-die-beschuetzerin\/","eventAttendanceMode":"https:\/\/schema.org\/OfflineEventAttendanceMode","eventStatus":"https:\/\/schema.org\/EventScheduled","startDate":"2026-02-09T19:30:00+01:00","endDate":"2026-02-09T19:30:00+01:00","location":{"@type":"Place","name":"Literaturhaus K\u00f6ln","description":"","url":"https:\/\/www.meinesuedstadt.de\/termine\/veranstaltungsort\/literaturhaus-koeln\/","address":{"@type":"PostalAddress","streetAddress":"Gro\u00dfer Griechenmarkt 39","addressLocality":"K\u00f6ln","addressRegion":"NRW","postalCode":"50676","addressCountry":"Deutschland"},"geo":{"@type":"GeoCoordinates","latitude":50.9324287,"longitude":6.9529607},"telephone":"","sameAs":""},"offers":{"@type":"Offer","price":"11 \u2013 13","priceCurrency":"USD","url":"https:\/\/www.meinesuedstadt.de\/termine\/event\/sergej-lebedew-die-beschuetzerin\/","category":"primary","availability":"inStock","validFrom":"1970-01-01T00:00:00+00:00"},"performer":"Organization"},"is_virtual":false,"virtual_url":null,"virtual_video_source":""}