{"id":80626,"global_id":"www.meinesuedstadt.de\/termine?id=80626","global_id_lineage":["www.meinesuedstadt.de\/termine?id=80626"],"author":"3","status":"publish","date":"2026-01-28 13:40:17","date_utc":"2026-01-28 12:40:17","modified":"2026-01-28 13:40:17","modified_utc":"2026-01-28 12:40:17","url":"https:\/\/www.meinesuedstadt.de\/termine\/event\/ach-diese-luecke-diese-entsetzliche-luecke\/2026-01-29\/","rest_url":"https:\/\/www.meinesuedstadt.de\/termine\/wp-json\/tribe\/events\/v1\/events\/80626","title":"Ach, diese L\u00fccke, diese entsetzliche L\u00fccke","description":"<p>Mit 20 wird Joachim unerwartet an der renommierten Schauspielschule in M\u00fcnchen angenommen und zieht in die Villa zu seinen Gro\u00dfeltern, Inge und Hermann. Zwischen den skurrilen Herausforderungen der Schauspielschule und den exzentrischen, meist alkoholgetr\u00e4nkten Ritualen seiner Gro\u00dfeltern versucht Joachim seinen Platz in der Welt zu finden \u2013 ohne zu wissen, welche Rolle er darin eigentlich spielt.<br \/>\nAuch um 15.30 Uhr &#038; um 20.15 Uhr.<\/p>","excerpt":"","slug":"ach-diese-luecke-diese-entsetzliche-luecke","image":{"url":"https:\/\/www.meinesuedstadt.de\/termine\/wp-content\/uploads\/2025\/12\/6801b9ae43c819fdcb5b56a254266095.jpg","id":79411,"extension":"jpg","width":600,"height":353,"filesize":135510,"sizes":{"thumbnail":{"width":300,"height":177,"mime-type":"image\/jpeg","filesize":17056,"url":"https:\/\/www.meinesuedstadt.de\/termine\/wp-content\/uploads\/2025\/12\/6801b9ae43c819fdcb5b56a254266095-300x177.jpg"}}},"all_day":false,"start_date":"2026-01-29 17:30:00","start_date_details":{"year":"2026","month":"01","day":"29","hour":"17","minutes":"30","seconds":"00"},"end_date":"2026-01-29 17:30:00","end_date_details":{"year":"2026","month":"01","day":"29","hour":"17","minutes":"30","seconds":"00"},"utc_start_date":"2026-01-29 16:30:00","utc_start_date_details":{"year":"2026","month":"01","day":"29","hour":"16","minutes":"30","seconds":"00"},"utc_end_date":"2026-01-29 16:30:00","utc_end_date_details":{"year":"2026","month":"01","day":"29","hour":"16","minutes":"30","seconds":"00"},"timezone":"Europe\/Berlin","timezone_abbr":"CET","cost":"6\u20ac \u2013 11\u20ac","cost_details":{"currency_symbol":"\u20ac","currency_code":"USD","currency_position":"suffix","values":["6","11"]},"website":"","show_map":false,"show_map_link":true,"hide_from_listings":false,"sticky":false,"featured":false,"categories":[{"name":"Kino","slug":"kino","term_group":0,"term_taxonomy_id":82,"taxonomy":"tribe_events_cat","description":"","parent":0,"count":869,"filter":"raw","id":82,"urls":{"self":"https:\/\/www.meinesuedstadt.de\/termine\/wp-json\/tribe\/events\/v1\/categories\/82","collection":"https:\/\/www.meinesuedstadt.de\/termine\/wp-json\/tribe\/events\/v1\/categories"}}],"tags":[],"venue":{"id":1634,"author":"3","status":"publish","date":"2018-01-08 09:38:14","date_utc":"2018-01-08 08:38:14","modified":"2018-01-08 09:38:14","modified_utc":"2018-01-08 08:38:14","url":"https:\/\/www.meinesuedstadt.de\/termine\/veranstaltungsort\/odeon-kino\/","venue":"Odeon Kino","slug":"odeon-kino","address":"Severinstra\u00dfe 81","city":"K\u00f6ln","country":"Deutschland","zip":"50678","phone":"0221 313110","website":"http:\/\/www.odeon-koeln.de","geo_lat":50.9253452,"geo_lng":6.9581313,"json_ld":{"@type":"Place","name":"Odeon Kino","description":"","url":"https:\/\/www.meinesuedstadt.de\/termine\/veranstaltungsort\/odeon-kino\/","address":{"@type":"PostalAddress","streetAddress":"Severinstra\u00dfe 81","addressLocality":"K\u00f6ln","postalCode":"50678","addressCountry":"Deutschland"},"geo":{"@type":"GeoCoordinates","latitude":50.9253452,"longitude":6.9581313},"telephone":"0221 313110","sameAs":"http:\/\/www.odeon-koeln.de"},"show_map":true,"show_map_link":true,"global_id":"www.meinesuedstadt.de\/termine?id=1634","global_id_lineage":["www.meinesuedstadt.de\/termine?id=1634"]},"organizer":[{"id":1635,"author":"3","status":"publish","date":"2018-01-08 09:38:14","date_utc":"2018-01-08 08:38:14","modified":"2018-01-08 09:38:14","modified_utc":"2018-01-08 08:38:14","url":"https:\/\/www.meinesuedstadt.de\/termine\/veranstalter\/odeon-kino\/","organizer":"Odeon Kino","slug":"odeon-kino","phone":"0221 313110","website":"http:\/\/www.odeon-koeln.de","json_ld":{"@type":"Person","name":"Odeon Kino","description":"","url":"http:\/\/www.odeon-koeln.de","telephone":"0221 313110","email":"","sameAs":"http:\/\/www.odeon-koeln.de"},"global_id":"www.meinesuedstadt.de\/termine?id=1635","global_id_lineage":["www.meinesuedstadt.de\/termine?id=1635"]}],"custom_fields":[],"json_ld":{"@context":"http:\/\/schema.org","@type":"Event","name":"Ach, diese L\u00fccke, diese entsetzliche L\u00fccke","description":"&lt;p&gt;Mit 20 wird Joachim unerwartet an der renommierten Schauspielschule in M\u00fcnchen angenommen und zieht in die Villa zu seinen Gro\u00dfeltern, Inge und Hermann. Zwischen den skurrilen Herausforderungen der Schauspielschule und [&hellip;]&lt;\/p&gt;\\n","image":"https:\/\/www.meinesuedstadt.de\/termine\/wp-content\/uploads\/2025\/12\/6801b9ae43c819fdcb5b56a254266095.jpg","url":"https:\/\/www.meinesuedstadt.de\/termine\/event\/ach-diese-luecke-diese-entsetzliche-luecke\/2026-01-29\/","eventAttendanceMode":"https:\/\/schema.org\/OfflineEventAttendanceMode","eventStatus":"https:\/\/schema.org\/EventScheduled","startDate":"2026-01-29T17:30:00+01:00","endDate":"2026-01-29T17:30:00+01:00","location":{"@type":"Place","name":"Odeon Kino","description":"","url":"https:\/\/www.meinesuedstadt.de\/termine\/veranstaltungsort\/odeon-kino\/","address":{"@type":"PostalAddress","streetAddress":"Severinstra\u00dfe 81","addressLocality":"K\u00f6ln","postalCode":"50678","addressCountry":"Deutschland"},"geo":{"@type":"GeoCoordinates","latitude":50.9253452,"longitude":6.9581313},"telephone":"0221 313110","sameAs":"http:\/\/www.odeon-koeln.de"},"organizer":{"@type":"Person","name":"Odeon Kino","description":"","url":"http:\/\/www.odeon-koeln.de","telephone":"0221 313110","email":"","sameAs":"http:\/\/www.odeon-koeln.de"},"offers":{"@type":"Offer","price":"6 \u2013 11","priceCurrency":"USD","url":"https:\/\/www.meinesuedstadt.de\/termine\/event\/ach-diese-luecke-diese-entsetzliche-luecke\/2026-01-29\/","category":"primary","availability":"inStock","validFrom":"1970-01-01T00:00:00+00:00"},"performer":"Organization"},"is_virtual":false,"virtual_url":null,"virtual_video_source":""}