{"id":80816,"global_id":"www.meinesuedstadt.de\/termine?id=80816","global_id_lineage":["www.meinesuedstadt.de\/termine?id=80816"],"author":"3","status":"publish","date":"2025-08-02 19:17:44","date_utc":"2025-08-02 17:17:44","modified":"2025-08-02 19:17:44","modified_utc":"2025-08-02 17:17:44","url":"https:\/\/www.meinesuedstadt.de\/termine\/event\/das-schneemaedchen\/2026-03-07\/","rest_url":"https:\/\/www.meinesuedstadt.de\/termine\/wp-json\/tribe\/events\/v1\/events\/80816","title":"Das Schneem\u00e4dchen","description":"<p>Es war einmal ein M\u00e4dchen, das war ungl\u00fccklich, denn es war einsam und hatte keine Freunde. Die Kinder in der Schule lachten sie aus, sie stellten ihr Beinchen und steckten ihr Juckpulver unter den Pulli. Und wie der Winter kam, da baute sich das M\u00e4dchen eine Freundin aus Schnee. Dieses Schneem\u00e4dchen sollte so sein, wie sie selbst immer sein wollte: mutig, stark, sch\u00f6n und klug. Und wie noch so tr\u00e4umte und nach den hinunterfallenden Flocken blickte, bemerkte sie gar nicht, dass das Schneem\u00e4dchen lebendig geworden war. Und wirklich: Das Schneem\u00e4dchen war genauso, wie sie es sich ertr\u00e4umt hatte. Die beiden ungleichen M\u00e4dchen erleben einen zauberhaften Winter, doch dann kommt der Fr\u00fchling&#8230;<br \/>\nEin poetisches Theaterst\u00fcck f\u00fcr Kinder ab 4 Jahren<\/p>","excerpt":"","slug":"das-schneemaedchen-2026-03-07","image":{"url":"https:\/\/www.meinesuedstadt.de\/termine\/wp-content\/uploads\/2025\/08\/emotionheader19601474.jpg","id":76341,"extension":"jpg","width":600,"height":256,"filesize":60226,"sizes":{"thumbnail":{"width":300,"height":128,"mime-type":"image\/jpeg","filesize":14024,"url":"https:\/\/www.meinesuedstadt.de\/termine\/wp-content\/uploads\/2025\/08\/emotionheader19601474-300x128.jpg"}}},"all_day":false,"start_date":"2026-03-07 14:00:00","start_date_details":{"year":"2026","month":"03","day":"07","hour":"14","minutes":"00","seconds":"00"},"end_date":"2026-03-07 14:00:00","end_date_details":{"year":"2026","month":"03","day":"07","hour":"14","minutes":"00","seconds":"00"},"utc_start_date":"2026-03-07 13:00:00","utc_start_date_details":{"year":"2026","month":"03","day":"07","hour":"13","minutes":"00","seconds":"00"},"utc_end_date":"2026-03-07 13:00:00","utc_end_date_details":{"year":"2026","month":"03","day":"07","hour":"13","minutes":"00","seconds":"00"},"timezone":"Europe\/Berlin","timezone_abbr":"","cost":"10\u20ac \u2013 15\u20ac","cost_details":{"currency_symbol":"\u20ac","currency_code":"USD","currency_position":"suffix","values":["10","15"]},"website":"","show_map":false,"show_map_link":true,"hide_from_listings":false,"sticky":false,"featured":false,"categories":[{"name":"Kinder","slug":"kinder","term_group":0,"term_taxonomy_id":743,"taxonomy":"tribe_events_cat","description":"","parent":0,"count":173,"filter":"raw","id":743,"urls":{"self":"https:\/\/www.meinesuedstadt.de\/termine\/wp-json\/tribe\/events\/v1\/categories\/743","collection":"https:\/\/www.meinesuedstadt.de\/termine\/wp-json\/tribe\/events\/v1\/categories"}},{"name":"Theater","slug":"theater","term_group":0,"term_taxonomy_id":14,"taxonomy":"tribe_events_cat","description":"","parent":0,"count":461,"filter":"raw","id":14,"urls":{"self":"https:\/\/www.meinesuedstadt.de\/termine\/wp-json\/tribe\/events\/v1\/categories\/14","collection":"https:\/\/www.meinesuedstadt.de\/termine\/wp-json\/tribe\/events\/v1\/categories"}}],"tags":[],"venue":{"id":361,"author":"3","status":"publish","date":"2018-01-01 20:01:51","date_utc":"2018-01-01 19:01:51","modified":"2018-01-01 20:01:51","modified_utc":"2018-01-01 19:01:51","url":"https:\/\/www.meinesuedstadt.de\/termine\/veranstaltungsort\/metropol-theater\/","venue":"Metropol Theater","slug":"metropol-theater","address":"Eifelstra\u00dfe 33","city":"K\u00f6ln","country":"Deutschland","zip":"50677","phone":"0221 321792","website":"http:\/\/www.metropol-theater-koeln.de","geo_lat":50.9243283,"geo_lng":6.9450207,"json_ld":{"@type":"Place","name":"Metropol Theater","description":"","url":"https:\/\/www.meinesuedstadt.de\/termine\/veranstaltungsort\/metropol-theater\/","address":{"@type":"PostalAddress","streetAddress":"Eifelstra\u00dfe 33","addressLocality":"K\u00f6ln","postalCode":"50677","addressCountry":"Deutschland"},"geo":{"@type":"GeoCoordinates","latitude":50.9243283,"longitude":6.9450207},"telephone":"0221 321792","sameAs":"http:\/\/www.metropol-theater-koeln.de"},"show_map":true,"show_map_link":true,"global_id":"www.meinesuedstadt.de\/termine?id=361","global_id_lineage":["www.meinesuedstadt.de\/termine?id=361"]},"organizer":[],"custom_fields":[],"json_ld":{"@context":"http:\/\/schema.org","@type":"Event","name":"Das Schneem\u00e4dchen","description":"&lt;p&gt;Es war einmal ein M\u00e4dchen, das war ungl\u00fccklich, denn es war einsam und hatte keine Freunde. Die Kinder in der Schule lachten sie aus, sie stellten ihr Beinchen und steckten [&hellip;]&lt;\/p&gt;\\n","image":"https:\/\/www.meinesuedstadt.de\/termine\/wp-content\/uploads\/2025\/08\/emotionheader19601474.jpg","url":"https:\/\/www.meinesuedstadt.de\/termine\/event\/das-schneemaedchen\/2026-03-07\/","eventAttendanceMode":"https:\/\/schema.org\/OfflineEventAttendanceMode","eventStatus":"https:\/\/schema.org\/EventScheduled","startDate":"2026-03-07T14:00:00+01:00","endDate":"2026-03-07T14:00:00+01:00","location":{"@type":"Place","name":"Metropol Theater","description":"","url":"https:\/\/www.meinesuedstadt.de\/termine\/veranstaltungsort\/metropol-theater\/","address":{"@type":"PostalAddress","streetAddress":"Eifelstra\u00dfe 33","addressLocality":"K\u00f6ln","postalCode":"50677","addressCountry":"Deutschland"},"geo":{"@type":"GeoCoordinates","latitude":50.9243283,"longitude":6.9450207},"telephone":"0221 321792","sameAs":"http:\/\/www.metropol-theater-koeln.de"},"offers":{"@type":"Offer","price":"10 \u2013 15","priceCurrency":"USD","url":"https:\/\/www.meinesuedstadt.de\/termine\/event\/das-schneemaedchen\/2026-03-07\/","category":"primary","availability":"inStock","validFrom":"2025-08-02T00:00:00+00:00"},"performer":"Organization"},"is_virtual":false,"virtual_url":null,"virtual_video_source":""}