{"id":81012,"global_id":"www.meinesuedstadt.de\/termine?id=81012","global_id_lineage":["www.meinesuedstadt.de\/termine?id=81012"],"author":"3","status":"publish","date":"2026-02-07 11:40:35","date_utc":"2026-02-07 10:40:35","modified":"2026-02-07 11:40:35","modified_utc":"2026-02-07 10:40:35","url":"https:\/\/www.meinesuedstadt.de\/termine\/event\/haupt-und-jakob-ich-verstehe-was-was-du-nicht-sagst\/","rest_url":"https:\/\/www.meinesuedstadt.de\/termine\/wp-json\/tribe\/events\/v1\/events\/81012","title":"Haupt und Jakob &#8211; Ich verstehe was, was du nicht sagst","description":"<p>Liebes Publikum, unser neues Programm ist da! Nachdem wir uns dem Steuersystem und dem Gesundheitssystem gewidmet haben, soll es diesmal um Kommunikation gehen. Kommunikation. Ein gro\u00dfes Versprechen. Auch an diesem Abend. Versprochen! Brigitte ist Kinderbuchautorin und arbeitslos. Klar, sowas schreibt heute alles die KI. Ein bisschen beneidet sie ihre beste Freundin Gala. Die ist Influencerin und scheffelt Geld wie Heu und das ganz ohne Inhalte.<br \/>\nAber dann kommt pl\u00f6tzlich ein Jobangebot aus dem SchwarzWei\u00dfenHaus: Der Pr\u00e4sident hat ein Kommunikationsproblem (soll ja vorkommen). Ein seltsames Ei h\u00e4ngt in der Luft. Er ist richtig sauer, denn es macht ihm seine sch\u00f6nen Umfragewerte kaputt. Das Ei ist l\u00e4ngst viral gegangen. Googlehupf und FinstaKram haben ihre Aligatorithem losgeschickt, um aus der Angst der \u201eUser\u201c ihre Profite zu schlagen\u2026<br \/>\nJetzt gilt es, dem Volk diesen Sachverhalt in einfacher Sprache zu erkl\u00e4ren, damit niemand durchdreht. Wird Brigitte es schaffen, die \u201erichtigen\u201c Worte zu finden? Gibt\u2019s die \u00fcberhaupt? Jede Kommunikation ist ein Unikat. Nicht umsonst steckt das Wort Unikat im Wort Komm-UNIKAT-ion schon mit drin! Sie kann uns erhellen und berauschen. Sie kann verletzen, aber zum Gl\u00fcck auch verbinden.<br \/>\nGerne ist sie auch ambivalent. Vor allem, wenn man miteinander in einen gewaltfreien Dialog tritt. Vieles ist aber auch ohne Worte. Und dann hilft nur noch eins: Singen! Man kann nicht gleichzeitig Singen und Angst haben. Zusammen mit dem Musiker Jonathan Brato\u00ebf werden wir den Versuch wagen, ganz offensichtlich zwischen den Zeilen und unter Zuhilfenahme der Kommunikationstheorien von Schulz von Thun vieles und doch wenig zu sagen, was Sie \u00fcber Kommunikation wissen sollten. Wir freuen uns darauf, mit Ihnen in Kontakt zu treten. V\u00f6llig gewaltfrei nat\u00fcrlich.<br \/>\n<em>Bild: Angela Graumann<\/em> <\/p>","excerpt":"","slug":"haupt-und-jakob-ich-verstehe-was-was-du-nicht-sagst","image":{"url":"https:\/\/www.meinesuedstadt.de\/termine\/wp-content\/uploads\/2026\/02\/Foto-Haupt.png","id":81013,"extension":"png","width":516,"height":500,"filesize":372381,"sizes":{"thumbnail":{"width":300,"height":291,"mime-type":"image\/png","filesize":89864,"url":"https:\/\/www.meinesuedstadt.de\/termine\/wp-content\/uploads\/2026\/02\/Foto-Haupt-300x291.png"}}},"all_day":false,"start_date":"2026-02-07 08:00:00","start_date_details":{"year":"2026","month":"02","day":"07","hour":"08","minutes":"00","seconds":"00"},"end_date":"2026-02-07 17:00:00","end_date_details":{"year":"2026","month":"02","day":"07","hour":"17","minutes":"00","seconds":"00"},"utc_start_date":"2026-02-07 07:00:00","utc_start_date_details":{"year":"2026","month":"02","day":"07","hour":"07","minutes":"00","seconds":"00"},"utc_end_date":"2026-02-07 16:00:00","utc_end_date_details":{"year":"2026","month":"02","day":"07","hour":"16","minutes":"00","seconds":"00"},"timezone":"Europe\/Berlin","timezone_abbr":"CET","cost":"19\u20ac \u2013 23\u20ac","cost_details":{"currency_symbol":"\u20ac","currency_code":"USD","currency_position":"suffix","values":["19","23"]},"website":"","show_map":false,"show_map_link":true,"hide_from_listings":false,"sticky":false,"featured":false,"categories":[{"name":"Kleinkunst","slug":"kleinkunst","term_group":0,"term_taxonomy_id":939,"taxonomy":"tribe_events_cat","description":"","parent":0,"count":218,"filter":"raw","id":939,"urls":{"self":"https:\/\/www.meinesuedstadt.de\/termine\/wp-json\/tribe\/events\/v1\/categories\/939","collection":"https:\/\/www.meinesuedstadt.de\/termine\/wp-json\/tribe\/events\/v1\/categories"}}],"tags":[{"name":"Kabarett-Theater &amp; Songs","slug":"kabarett-theater-songs","term_group":0,"term_taxonomy_id":1028,"taxonomy":"post_tag","description":"","parent":0,"count":1,"filter":"raw","id":1028,"urls":{"self":"https:\/\/www.meinesuedstadt.de\/termine\/wp-json\/tribe\/events\/v1\/tags\/1028","collection":"https:\/\/www.meinesuedstadt.de\/termine\/wp-json\/tribe\/events\/v1\/tags"}}],"venue":{"id":59121,"author":"3","status":"publish","date":"2024-08-18 20:04:02","date_utc":"2024-08-18 18:04:02","modified":"2025-07-30 15:14:15","modified_utc":"2025-07-30 13:14:15","url":"https:\/\/www.meinesuedstadt.de\/termine\/veranstaltungsort\/theater-509-im-buergerhaus-stollwerck\/","venue":"Theater 509 im B\u00fcrgerhaus Stollwerck","slug":"theater-509-im-buergerhaus-stollwerck","address":"Dreik\u00f6nigenstra\u00dfe 23","city":"K\u00f6ln","province":"K\u00f6ln","zip":"50678","stateprovince":"K\u00f6ln","geo_lat":50.9252956,"geo_lng":6.964478,"json_ld":{"@type":"Place","name":"Theater 509 im B\u00fcrgerhaus Stollwerck","description":"","url":"https:\/\/www.meinesuedstadt.de\/termine\/veranstaltungsort\/theater-509-im-buergerhaus-stollwerck\/","address":{"@type":"PostalAddress","streetAddress":"Dreik\u00f6nigenstra\u00dfe 23","addressLocality":"K\u00f6ln","addressRegion":"K\u00f6ln","postalCode":"50678"},"geo":{"@type":"GeoCoordinates","latitude":50.9252956,"longitude":6.964478},"telephone":"","sameAs":""},"show_map":false,"show_map_link":false,"global_id":"www.meinesuedstadt.de\/termine?id=59121","global_id_lineage":["www.meinesuedstadt.de\/termine?id=59121"]},"organizer":[{"id":64777,"author":"3","status":"publish","date":"2024-12-01 23:26:24","date_utc":"0000-00-00 00:00:00","modified":"2024-12-01 23:26:24","modified_utc":"0000-00-00 00:00:00","url":"https:\/\/www.meinesuedstadt.de\/termine\/veranstalter\/theater-509-im-buergerhaus-stollwerck\/","organizer":"Theater 509 im B\u00fcrgerhaus Stollwerck","slug":"theater-509-im-buergerhaus-stollwerck","json_ld":{"@type":"Person","name":"Theater 509 im B\u00fcrgerhaus Stollwerck","description":"","url":"","telephone":"","email":"","sameAs":""},"global_id":"www.meinesuedstadt.de\/termine?id=64777","global_id_lineage":["www.meinesuedstadt.de\/termine?id=64777"]}],"custom_fields":[],"json_ld":{"@context":"http:\/\/schema.org","@type":"Event","name":"Haupt und Jakob &#8211; Ich verstehe was, was du nicht sagst","description":"&lt;p&gt;Liebes Publikum, unser neues Programm ist da! Nachdem wir uns dem Steuersystem und dem Gesundheitssystem gewidmet haben, soll es diesmal um Kommunikation gehen. Kommunikation. Ein gro\u00dfes Versprechen. Auch an diesem [&hellip;]&lt;\/p&gt;\\n","image":"https:\/\/www.meinesuedstadt.de\/termine\/wp-content\/uploads\/2026\/02\/Foto-Haupt.png","url":"https:\/\/www.meinesuedstadt.de\/termine\/event\/haupt-und-jakob-ich-verstehe-was-was-du-nicht-sagst\/","eventAttendanceMode":"https:\/\/schema.org\/OfflineEventAttendanceMode","eventStatus":"https:\/\/schema.org\/EventScheduled","startDate":"2026-02-07T08:00:00+01:00","endDate":"2026-02-07T17:00:00+01:00","location":{"@type":"Place","name":"Theater 509 im B\u00fcrgerhaus Stollwerck","description":"","url":"https:\/\/www.meinesuedstadt.de\/termine\/veranstaltungsort\/theater-509-im-buergerhaus-stollwerck\/","address":{"@type":"PostalAddress","streetAddress":"Dreik\u00f6nigenstra\u00dfe 23","addressLocality":"K\u00f6ln","addressRegion":"K\u00f6ln","postalCode":"50678"},"geo":{"@type":"GeoCoordinates","latitude":50.9252956,"longitude":6.964478},"telephone":"","sameAs":""},"organizer":{"@type":"Person","name":"Theater 509 im B\u00fcrgerhaus Stollwerck","description":"","url":"","telephone":"","email":"","sameAs":""},"offers":{"@type":"Offer","price":"19 \u2013 23","priceCurrency":"USD","url":"https:\/\/www.meinesuedstadt.de\/termine\/event\/haupt-und-jakob-ich-verstehe-was-was-du-nicht-sagst\/","category":"primary","availability":"inStock","validFrom":"1970-01-01T00:00:00+00:00"},"performer":"Organization"},"is_virtual":false,"virtual_url":null,"virtual_video_source":""}