{"id":81229,"global_id":"www.meinesuedstadt.de\/termine?id=81229","global_id_lineage":["www.meinesuedstadt.de\/termine?id=81229"],"author":"3","status":"publish","date":"2026-02-24 13:11:02","date_utc":"2026-02-24 12:11:02","modified":"2026-02-24 13:11:02","modified_utc":"2026-02-24 12:11:02","url":"https:\/\/www.meinesuedstadt.de\/termine\/event\/posthum-klaus-friedrich-guenther-in-der-werkstattgalerie-tam-uekermann\/2026-04-09\/","rest_url":"https:\/\/www.meinesuedstadt.de\/termine\/wp-json\/tribe\/events\/v1\/events\/81229","title":"Posthum Klaus Friedrich G\u00fcnther in der Werkstattgalerie Tam Uekermann","description":"<p>Die Ausstellung mit den Arbeiten von Klaus Friedrich G\u00fcnther war auf seinen besonderen Wunsch f\u00fcr Anfang 2026 mit ihm verabredet und vorbereitet worden. Leider ist der K\u00fcnstler am 15.11.25 gestorben.<br \/>\nJetzt findet die Ausstellung einen Monat sp\u00e4ter als angedacht statt. Seine Kunst werden wir zeigen, er wird fehlen.<br \/>\nAusstellungsdauer: 5.3.\u201317.4.2026<br \/>\n\u00d6ffnungszeiten: MI-FR 14-18.30 Uhr, SA 11-16 Uhr<\/p>","excerpt":"","slug":"posthum-klaus-friedrich-guenther-in-der-werkstattgalerie-tam-uekermann-2026-04-09","image":{"url":"https:\/\/www.meinesuedstadt.de\/termine\/wp-content\/uploads\/2026\/02\/36_ANOTHER_BLUES_CORNER-2.jpg","id":81208,"extension":"jpg","width":600,"height":383,"filesize":117470,"sizes":{"thumbnail":{"width":300,"height":192,"mime-type":"image\/jpeg","filesize":15068,"url":"https:\/\/www.meinesuedstadt.de\/termine\/wp-content\/uploads\/2026\/02\/36_ANOTHER_BLUES_CORNER-2-300x192.jpg"}}},"all_day":false,"start_date":"2026-04-09 14:00:00","start_date_details":{"year":"2026","month":"04","day":"09","hour":"14","minutes":"00","seconds":"00"},"end_date":"2026-04-09 18:30:00","end_date_details":{"year":"2026","month":"04","day":"09","hour":"18","minutes":"30","seconds":"00"},"utc_start_date":"2026-04-09 12:00:00","utc_start_date_details":{"year":"2026","month":"04","day":"09","hour":"12","minutes":"00","seconds":"00"},"utc_end_date":"2026-04-09 16:30:00","utc_end_date_details":{"year":"2026","month":"04","day":"09","hour":"16","minutes":"30","seconds":"00"},"timezone":"Europe\/Berlin","timezone_abbr":"","cost":"Kostenlos","cost_details":{"currency_symbol":"\u20ac","currency_code":"USD","currency_position":"suffix","values":["0"]},"website":"","show_map":false,"show_map_link":true,"hide_from_listings":false,"sticky":false,"featured":false,"categories":[{"name":"Ausstellung","slug":"ausstellung","term_group":0,"term_taxonomy_id":43,"taxonomy":"tribe_events_cat","description":"","parent":0,"count":1691,"filter":"raw","id":43,"urls":{"self":"https:\/\/www.meinesuedstadt.de\/termine\/wp-json\/tribe\/events\/v1\/categories\/43","collection":"https:\/\/www.meinesuedstadt.de\/termine\/wp-json\/tribe\/events\/v1\/categories"}}],"tags":[],"venue":{"id":19526,"author":"3","status":"publish","date":"2019-09-01 11:10:27","date_utc":"2019-09-01 09:10:27","modified":"2019-09-01 11:10:27","modified_utc":"2019-09-01 09:10:27","url":"https:\/\/www.meinesuedstadt.de\/termine\/veranstaltungsort\/werkstattgalerie-tam-uekermann\/","venue":"werkstattgalerie tam uekermann","slug":"werkstattgalerie-tam-uekermann","address":"Mainzer Stra\u00dfe 25","city":"K\u00f6ln","country":"Deutschland","province":"NRW","zip":"50678","stateprovince":"NRW","geo_lat":50.9201991,"geo_lng":6.9645367,"json_ld":{"@type":"Place","name":"werkstattgalerie tam uekermann","description":"","url":"https:\/\/www.meinesuedstadt.de\/termine\/veranstaltungsort\/werkstattgalerie-tam-uekermann\/","address":{"@type":"PostalAddress","streetAddress":"Mainzer Stra\u00dfe 25","addressLocality":"K\u00f6ln","addressRegion":"NRW","postalCode":"50678","addressCountry":"Deutschland"},"geo":{"@type":"GeoCoordinates","latitude":50.9201991,"longitude":6.9645367},"telephone":"","sameAs":""},"show_map":true,"show_map_link":true,"global_id":"www.meinesuedstadt.de\/termine?id=19526","global_id_lineage":["www.meinesuedstadt.de\/termine?id=19526"]},"organizer":[],"custom_fields":[],"json_ld":{"@context":"http:\/\/schema.org","@type":"Event","name":"Posthum Klaus Friedrich G\u00fcnther in der Werkstattgalerie Tam Uekermann","description":"&lt;p&gt;Die Ausstellung mit den Arbeiten von Klaus Friedrich G\u00fcnther war auf seinen besonderen Wunsch f\u00fcr Anfang 2026 mit ihm verabredet und vorbereitet worden. Leider ist der K\u00fcnstler am 15.11.25 gestorben. [&hellip;]&lt;\/p&gt;\\n","image":"https:\/\/www.meinesuedstadt.de\/termine\/wp-content\/uploads\/2026\/02\/36_ANOTHER_BLUES_CORNER-2.jpg","url":"https:\/\/www.meinesuedstadt.de\/termine\/event\/posthum-klaus-friedrich-guenther-in-der-werkstattgalerie-tam-uekermann\/2026-04-09\/","eventAttendanceMode":"https:\/\/schema.org\/OfflineEventAttendanceMode","eventStatus":"https:\/\/schema.org\/EventScheduled","startDate":"2026-04-09T14:00:00+02:00","endDate":"2026-04-09T18:30:00+02:00","location":{"@type":"Place","name":"werkstattgalerie tam uekermann","description":"","url":"https:\/\/www.meinesuedstadt.de\/termine\/veranstaltungsort\/werkstattgalerie-tam-uekermann\/","address":{"@type":"PostalAddress","streetAddress":"Mainzer Stra\u00dfe 25","addressLocality":"K\u00f6ln","addressRegion":"NRW","postalCode":"50678","addressCountry":"Deutschland"},"geo":{"@type":"GeoCoordinates","latitude":50.9201991,"longitude":6.9645367},"telephone":"","sameAs":""},"offers":{"@type":"Offer","price":"0","priceCurrency":"USD","url":"https:\/\/www.meinesuedstadt.de\/termine\/event\/posthum-klaus-friedrich-guenther-in-der-werkstattgalerie-tam-uekermann\/2026-04-09\/","category":"primary","availability":"inStock","validFrom":"1970-01-01T00:00:00+00:00"},"performer":"Organization"},"is_virtual":false,"virtual_url":null,"virtual_video_source":""}