{"id":81363,"global_id":"www.meinesuedstadt.de\/termine?id=81363","global_id_lineage":["www.meinesuedstadt.de\/termine?id=81363"],"author":"3","status":"publish","date":"2026-03-01 14:13:56","date_utc":"2026-03-01 13:13:56","modified":"2026-03-01 14:13:56","modified_utc":"2026-03-01 13:13:56","url":"https:\/\/www.meinesuedstadt.de\/termine\/event\/albi-roebke-lisa-harmann-und-ploetzlich-ist-nichts-mehr-wie-es-war\/","rest_url":"https:\/\/www.meinesuedstadt.de\/termine\/wp-json\/tribe\/events\/v1\/events\/81363","title":"Albi Roebke &#038; Lisa Harmann: Und pl\u00f6tzlich ist nichts mehr wie es war","description":"<p>Was tun, wenn das Leben pl\u00f6tzlich aus den Fugen ger\u00e4t? An diesem besonderen Abend nehmen Albi Roebke und Lisa Harmann Euch mit in bemerkenswerte Ausnahmesituationen des Lebens. Als Notfallseelsorgende erz\u00e4hlen sie von Eins\u00e4tzen, die sie ber\u00fchrt haben, lassen \u00dcberlebende von Schicksalsschl\u00e4gen zu Wort kommen und schl\u00fcsseln auf, wie Menschen Krisen \u00fcberwinden k\u00f6nnen. Bewegend schildert Albi Roebke seine Erfahrungen aus 25 Jahren im Dienst f\u00fcr den Menschen \u2013 von der Flut an der Ahr bis ins Hurrikan-Gebiet der USA. Journalistin Lisa Harmann schaut zus\u00e4tzlich mit der Brille der Familientrauerbegleiterin auf die Kraft der \u00dcberlebenden. Flankiert von Schauspielerin und Sprecherin Julia Roebke, die den Texten aus dem Buch \u201eUnd pl\u00f6tzlich ist nichts mehr wie es war\u201c ihre Stimme verleiht, und von Live-Musik, die Raum f\u00fcr eigene Gedanken \u00f6ffnet, darf das ein Abend werden, der ber\u00fchrt, st\u00e4rkt und allen etwas mitgibt. Authentisch, mitrei\u00dfend, einf\u00fchlsam \u2013 und mit etlichen Aha-Momenten f\u00fcr die Bew\u00e4ltigung kleinerer und gr\u00f6\u00dferer Herausforderungen im eigenen Leben.<br \/>\n<em>Bild: S. Fischer<\/em><\/p>","excerpt":"","slug":"albi-roebke-lisa-harmann-und-ploetzlich-ist-nichts-mehr-wie-es-war","image":{"url":"https:\/\/www.meinesuedstadt.de\/termine\/wp-content\/uploads\/2026\/03\/roepke_harmann_0000_roepke_albi_harmann_lisa_3_c_sfischer.jpeg","id":81364,"extension":"jpeg","width":498,"height":500,"filesize":94218,"sizes":{"thumbnail":{"width":300,"height":301,"mime-type":"image\/jpeg","filesize":21113,"url":"https:\/\/www.meinesuedstadt.de\/termine\/wp-content\/uploads\/2026\/03\/roepke_harmann_0000_roepke_albi_harmann_lisa_3_c_sfischer-300x301.jpeg"}}},"all_day":false,"start_date":"2026-04-09 19:00:00","start_date_details":{"year":"2026","month":"04","day":"09","hour":"19","minutes":"00","seconds":"00"},"end_date":"2026-04-09 19:00:00","end_date_details":{"year":"2026","month":"04","day":"09","hour":"19","minutes":"00","seconds":"00"},"utc_start_date":"2026-04-09 17:00:00","utc_start_date_details":{"year":"2026","month":"04","day":"09","hour":"17","minutes":"00","seconds":"00"},"utc_end_date":"2026-04-09 17:00:00","utc_end_date_details":{"year":"2026","month":"04","day":"09","hour":"17","minutes":"00","seconds":"00"},"timezone":"Europe\/Berlin","timezone_abbr":"CEST","cost":"10\u20ac \u2013 15\u20ac","cost_details":{"currency_symbol":"\u20ac","currency_code":"USD","currency_position":"suffix","values":["10","15"]},"website":"","show_map":false,"show_map_link":true,"hide_from_listings":false,"sticky":false,"featured":false,"categories":[{"name":"Konzert","slug":"konzert","term_group":0,"term_taxonomy_id":7,"taxonomy":"tribe_events_cat","description":"","parent":0,"count":314,"filter":"raw","id":7,"urls":{"self":"https:\/\/www.meinesuedstadt.de\/termine\/wp-json\/tribe\/events\/v1\/categories\/7","collection":"https:\/\/www.meinesuedstadt.de\/termine\/wp-json\/tribe\/events\/v1\/categories"}},{"name":"Lesung","slug":"lesung","term_group":0,"term_taxonomy_id":33,"taxonomy":"tribe_events_cat","description":"","parent":0,"count":80,"filter":"raw","id":33,"urls":{"self":"https:\/\/www.meinesuedstadt.de\/termine\/wp-json\/tribe\/events\/v1\/categories\/33","collection":"https:\/\/www.meinesuedstadt.de\/termine\/wp-json\/tribe\/events\/v1\/categories"}}],"tags":[],"venue":{"id":115,"author":"3","status":"publish","date":"2017-12-30 22:01:56","date_utc":"2017-12-30 21:01:56","modified":"2017-12-30 22:01:56","modified_utc":"2017-12-30 21:01:56","url":"https:\/\/www.meinesuedstadt.de\/termine\/veranstaltungsort\/comedia-theater\/","venue":"Comedia Theater","slug":"comedia-theater","address":"Vondelstra\u00dfe 4-8","city":"K\u00f6ln","country":"Deutschland","zip":"50677","phone":"0221 888 77 222","website":"http:\/\/www.comedia-koeln.de","geo_lat":50.9206662,"geo_lng":6.9553669,"json_ld":{"@type":"Place","name":"Comedia Theater","description":"","url":"https:\/\/www.meinesuedstadt.de\/termine\/veranstaltungsort\/comedia-theater\/","address":{"@type":"PostalAddress","streetAddress":"Vondelstra\u00dfe 4-8","addressLocality":"K\u00f6ln","postalCode":"50677","addressCountry":"Deutschland"},"geo":{"@type":"GeoCoordinates","latitude":50.9206662,"longitude":6.9553669},"telephone":"0221 888 77 222","sameAs":"http:\/\/www.comedia-koeln.de"},"show_map":true,"show_map_link":true,"global_id":"www.meinesuedstadt.de\/termine?id=115","global_id_lineage":["www.meinesuedstadt.de\/termine?id=115"]},"organizer":[{"id":96,"author":"3","status":"publish","date":"2017-12-30 21:30:20","date_utc":"2017-12-30 20:30:20","modified":"2017-12-30 21:30:20","modified_utc":"2017-12-30 20:30:20","url":"https:\/\/www.meinesuedstadt.de\/termine\/veranstalter\/comedia-theater\/","organizer":"Comedia Theater","slug":"comedia-theater","phone":"0221 88877222","website":"http:\/\/www.comedia-koeln.de","email":"info@comedia-koeln.de","json_ld":{"@type":"Person","name":"Comedia Theater","description":"","url":"http:\/\/www.comedia-koeln.de","telephone":"0221 88877222","email":"&#105;&#110;f&#111;&#64;&#99;o&#109;&#101;&#100;ia&#45;&#107;o&#101;&#108;n.de","sameAs":"http:\/\/www.comedia-koeln.de"},"global_id":"www.meinesuedstadt.de\/termine?id=96","global_id_lineage":["www.meinesuedstadt.de\/termine?id=96"]}],"custom_fields":[],"json_ld":{"@context":"http:\/\/schema.org","@type":"Event","name":"Albi Roebke &#038; Lisa Harmann: Und pl\u00f6tzlich ist nichts mehr wie es war","description":"&lt;p&gt;Was tun, wenn das Leben pl\u00f6tzlich aus den Fugen ger\u00e4t? An diesem besonderen Abend nehmen Albi Roebke und Lisa Harmann Euch mit in bemerkenswerte Ausnahmesituationen des Lebens. Als Notfallseelsorgende erz\u00e4hlen [&hellip;]&lt;\/p&gt;\\n","image":"https:\/\/www.meinesuedstadt.de\/termine\/wp-content\/uploads\/2026\/03\/roepke_harmann_0000_roepke_albi_harmann_lisa_3_c_sfischer.jpeg","url":"https:\/\/www.meinesuedstadt.de\/termine\/event\/albi-roebke-lisa-harmann-und-ploetzlich-ist-nichts-mehr-wie-es-war\/","eventAttendanceMode":"https:\/\/schema.org\/OfflineEventAttendanceMode","eventStatus":"https:\/\/schema.org\/EventScheduled","startDate":"2026-04-09T19:00:00+02:00","endDate":"2026-04-09T19:00:00+02:00","location":{"@type":"Place","name":"Comedia Theater","description":"","url":"https:\/\/www.meinesuedstadt.de\/termine\/veranstaltungsort\/comedia-theater\/","address":{"@type":"PostalAddress","streetAddress":"Vondelstra\u00dfe 4-8","addressLocality":"K\u00f6ln","postalCode":"50677","addressCountry":"Deutschland"},"geo":{"@type":"GeoCoordinates","latitude":50.9206662,"longitude":6.9553669},"telephone":"0221 888 77 222","sameAs":"http:\/\/www.comedia-koeln.de"},"organizer":{"@type":"Person","name":"Comedia Theater","description":"","url":"http:\/\/www.comedia-koeln.de","telephone":"0221 88877222","email":"&#105;n&#102;o&#64;com&#101;&#100;&#105;&#97;-k&#111;&#101;l&#110;.de","sameAs":"http:\/\/www.comedia-koeln.de"},"offers":{"@type":"Offer","price":"10 \u2013 15","priceCurrency":"USD","url":"https:\/\/www.meinesuedstadt.de\/termine\/event\/albi-roebke-lisa-harmann-und-ploetzlich-ist-nichts-mehr-wie-es-war\/","category":"primary","availability":"inStock","validFrom":"1970-01-01T00:00:00+00:00"},"performer":"Organization"},"is_virtual":false,"virtual_url":null,"virtual_video_source":""}