{"id":81433,"global_id":"www.meinesuedstadt.de\/termine?id=81433","global_id_lineage":["www.meinesuedstadt.de\/termine?id=81433"],"author":"3","status":"publish","date":"2026-03-06 14:27:42","date_utc":"2026-03-06 13:27:42","modified":"2026-03-06 14:27:42","modified_utc":"2026-03-06 13:27:42","url":"https:\/\/www.meinesuedstadt.de\/termine\/event\/81433\/","rest_url":"https:\/\/www.meinesuedstadt.de\/termine\/wp-json\/tribe\/events\/v1\/events\/81433","title":"","description":"<p>Journalistin und Autorin Ingrid M\u00fcller-M\u00fcnch ist zu Gast zu einer Lesung aus ihrem Buch \u201eDie T\u00e4terinnen von Majdanek \u2013 KZ-Aufseherinnen vor Gericht\u201c, erschienen 2024 im Dittrich Verlag. Das Buch ist von bedr\u00fcckender und h\u00f6chst aktueller Bedeutung. In ihrem aktualisierten Bericht \u00fcber den Majdanek-Prozess schildert Ingrid M\u00fcller-M\u00fcnch nicht nur das Leid der Opfer des V\u00f6lkermords, sondern richtet den Blick insbesondere auf die angeklagten Frauen: Frauen aus der sogenannten Mitte der Gesellschaft, die zun\u00e4chst keine fanatischen Nationalsozialistinnen waren, sich jedoch zu brutalen, sadistischen und m\u00f6rderischen KZ-Aufseherinnen entwickelten. Das Buch zeigt eindringlich, wohin Antisemitismus und Rechtsextremismus f\u00fchren k\u00f6nnen, und ist eine eindringliche Mahnung f\u00fcr Gegenwart und Zukunft. Die Lesung wird musikalisch begleitet von Alessandro Palmitessa mit Saxophon, Klarinette und Loops. Die Pl\u00e4tze sind begrenzt, eine Reservierung wird empfohlen unter festivalitaliana@googlemail.com.<\/p>","excerpt":"","slug":"81433","image":{"url":"https:\/\/www.meinesuedstadt.de\/termine\/wp-content\/uploads\/2026\/03\/646452531_4430882393829310_6019193505241593978_n.jpg","id":81434,"extension":"jpg","width":354,"height":500,"filesize":93837,"sizes":{"thumbnail":{"width":300,"height":424,"mime-type":"image\/jpeg","filesize":34776,"url":"https:\/\/www.meinesuedstadt.de\/termine\/wp-content\/uploads\/2026\/03\/646452531_4430882393829310_6019193505241593978_n-300x424.jpg"}}},"all_day":false,"start_date":"2026-03-21 20:00:00","start_date_details":{"year":"2026","month":"03","day":"21","hour":"20","minutes":"00","seconds":"00"},"end_date":"2026-03-21 20:00:00","end_date_details":{"year":"2026","month":"03","day":"21","hour":"20","minutes":"00","seconds":"00"},"utc_start_date":"2026-03-21 19:00:00","utc_start_date_details":{"year":"2026","month":"03","day":"21","hour":"19","minutes":"00","seconds":"00"},"utc_end_date":"2026-03-21 19:00:00","utc_end_date_details":{"year":"2026","month":"03","day":"21","hour":"19","minutes":"00","seconds":"00"},"timezone":"Europe\/Berlin","timezone_abbr":"CET","cost":"Kostenlos","cost_details":{"currency_symbol":"\u20ac","currency_code":"USD","currency_position":"suffix","values":["0"]},"website":"","show_map":false,"show_map_link":true,"hide_from_listings":false,"sticky":false,"featured":false,"categories":[{"name":"Konzert","slug":"konzert","term_group":0,"term_taxonomy_id":7,"taxonomy":"tribe_events_cat","description":"","parent":0,"count":315,"filter":"raw","id":7,"urls":{"self":"https:\/\/www.meinesuedstadt.de\/termine\/wp-json\/tribe\/events\/v1\/categories\/7","collection":"https:\/\/www.meinesuedstadt.de\/termine\/wp-json\/tribe\/events\/v1\/categories"}},{"name":"Lesung","slug":"lesung","term_group":0,"term_taxonomy_id":33,"taxonomy":"tribe_events_cat","description":"","parent":0,"count":80,"filter":"raw","id":33,"urls":{"self":"https:\/\/www.meinesuedstadt.de\/termine\/wp-json\/tribe\/events\/v1\/categories\/33","collection":"https:\/\/www.meinesuedstadt.de\/termine\/wp-json\/tribe\/events\/v1\/categories"}}],"tags":[],"venue":{"id":42693,"author":"3","status":"publish","date":"2022-11-09 00:08:46","date_utc":"2022-11-08 23:08:46","modified":"2024-10-21 23:28:38","modified_utc":"2024-10-21 21:28:38","url":"https:\/\/www.meinesuedstadt.de\/termine\/veranstaltungsort\/offenewelt-e-v\/","venue":"Offene Welt Mondo aperto e.V.","slug":"offenewelt-e-v","address":"Zugweg 22","city":"K\u00f6ln","country":"Deutschland","province":"NRW","zip":"50677","phone":"0221 29996093","website":"https:\/\/www.offene-welt.de","stateprovince":"NRW","geo_lat":50.9189731,"geo_lng":6.9583679,"json_ld":{"@type":"Place","name":"Offene Welt Mondo aperto e.V.","description":"","url":"https:\/\/www.meinesuedstadt.de\/termine\/veranstaltungsort\/offenewelt-e-v\/","address":{"@type":"PostalAddress","streetAddress":"Zugweg 22","addressLocality":"K\u00f6ln","addressRegion":"NRW","postalCode":"50677","addressCountry":"Deutschland"},"geo":{"@type":"GeoCoordinates","latitude":50.9189731,"longitude":6.9583679},"telephone":"0221 29996093","sameAs":"https:\/\/www.offene-welt.de"},"show_map":true,"show_map_link":true,"global_id":"www.meinesuedstadt.de\/termine?id=42693","global_id_lineage":["www.meinesuedstadt.de\/termine?id=42693"]},"organizer":[],"custom_fields":[],"json_ld":{"@context":"http:\/\/schema.org","@type":"Event","name":"","description":"&lt;p&gt;Journalistin und Autorin Ingrid M\u00fcller-M\u00fcnch ist zu Gast zu einer Lesung aus ihrem Buch \u201eDie T\u00e4terinnen von Majdanek \u2013 KZ-Aufseherinnen vor Gericht\u201c, erschienen 2024 im Dittrich Verlag. Das Buch ist [&hellip;]&lt;\/p&gt;\\n","image":"https:\/\/www.meinesuedstadt.de\/termine\/wp-content\/uploads\/2026\/03\/646452531_4430882393829310_6019193505241593978_n.jpg","url":"https:\/\/www.meinesuedstadt.de\/termine\/event\/81433\/","eventAttendanceMode":"https:\/\/schema.org\/OfflineEventAttendanceMode","eventStatus":"https:\/\/schema.org\/EventScheduled","startDate":"2026-03-21T20:00:00+01:00","endDate":"2026-03-21T20:00:00+01:00","location":{"@type":"Place","name":"Offene Welt Mondo aperto e.V.","description":"","url":"https:\/\/www.meinesuedstadt.de\/termine\/veranstaltungsort\/offenewelt-e-v\/","address":{"@type":"PostalAddress","streetAddress":"Zugweg 22","addressLocality":"K\u00f6ln","addressRegion":"NRW","postalCode":"50677","addressCountry":"Deutschland"},"geo":{"@type":"GeoCoordinates","latitude":50.9189731,"longitude":6.9583679},"telephone":"0221 29996093","sameAs":"https:\/\/www.offene-welt.de"},"offers":{"@type":"Offer","price":"0","priceCurrency":"USD","url":"https:\/\/www.meinesuedstadt.de\/termine\/event\/81433\/","category":"primary","availability":"inStock","validFrom":"1970-01-01T00:00:00+00:00"},"performer":"Organization"},"is_virtual":false,"virtual_url":null,"virtual_video_source":""}