{"id":81696,"global_id":"www.meinesuedstadt.de\/termine?id=81696","global_id_lineage":["www.meinesuedstadt.de\/termine?id=81696"],"author":"3","status":"publish","date":"2026-03-09 22:48:22","date_utc":"2026-03-09 21:48:22","modified":"2026-03-09 22:48:22","modified_utc":"2026-03-09 21:48:22","url":"https:\/\/www.meinesuedstadt.de\/termine\/event\/christiane-baumgartner-the-long-goodbye\/2026-05-01\/","rest_url":"https:\/\/www.meinesuedstadt.de\/termine\/wp-json\/tribe\/events\/v1\/events\/81696","title":"Christiane Baumgartner &#8211; The Long Goodbye","description":"<p>Die Ausstellung \u201eThe Long Goodbye\u201c pr\u00e4sentiert monumentale See- und Landschaftsbilder in Schwarz-Wei\u00df und Farbe. Im Mittelpunkt stehen Sonnenunterg\u00e4nge und Horizonte am Meer, die auf Christiane Baumgartners eigenen Video Stills und Digitalfotografien basieren. Die Bilder enth\u00fcllen ihre Motive erst aus der Ferne; aus der N\u00e4he l\u00f6sen sie sich in akribisch geschnitzte Linienraster auf.<br \/>\nAusstellungsdauer: 28.3.\u201322.5.2026<\/p>","excerpt":"","slug":"christiane-baumgartner-the-long-goodbye-2026-05-01","image":{"url":"https:\/\/www.meinesuedstadt.de\/termine\/wp-content\/uploads\/2026\/03\/9a21d6d6-2696-4993-b193-b8172d2cfe07.jpg","id":81671,"extension":"jpg","width":600,"height":383,"filesize":143555,"sizes":{"thumbnail":{"width":300,"height":192,"mime-type":"image\/jpeg","filesize":17030,"url":"https:\/\/www.meinesuedstadt.de\/termine\/wp-content\/uploads\/2026\/03\/9a21d6d6-2696-4993-b193-b8172d2cfe07-300x192.jpg"}}},"all_day":false,"start_date":"2026-05-01 11:00:00","start_date_details":{"year":"2026","month":"05","day":"01","hour":"11","minutes":"00","seconds":"00"},"end_date":"2026-05-01 18:00:00","end_date_details":{"year":"2026","month":"05","day":"01","hour":"18","minutes":"00","seconds":"00"},"utc_start_date":"2026-05-01 09:00:00","utc_start_date_details":{"year":"2026","month":"05","day":"01","hour":"09","minutes":"00","seconds":"00"},"utc_end_date":"2026-05-01 16:00:00","utc_end_date_details":{"year":"2026","month":"05","day":"01","hour":"16","minutes":"00","seconds":"00"},"timezone":"Europe\/Berlin","timezone_abbr":"","cost":"Kostenlos","cost_details":{"currency_symbol":"\u20ac","currency_code":"USD","currency_position":"suffix","values":["0"]},"website":"","show_map":false,"show_map_link":true,"hide_from_listings":false,"sticky":false,"featured":false,"categories":[{"name":"Ausstellung","slug":"ausstellung","term_group":0,"term_taxonomy_id":43,"taxonomy":"tribe_events_cat","description":"","parent":0,"count":1697,"filter":"raw","id":43,"urls":{"self":"https:\/\/www.meinesuedstadt.de\/termine\/wp-json\/tribe\/events\/v1\/categories\/43","collection":"https:\/\/www.meinesuedstadt.de\/termine\/wp-json\/tribe\/events\/v1\/categories"}}],"tags":[],"venue":{"id":479,"author":"3","status":"publish","date":"2018-01-01 21:56:46","date_utc":"2018-01-01 20:56:46","modified":"2018-01-01 21:56:46","modified_utc":"2018-01-01 20:56:46","url":"https:\/\/www.meinesuedstadt.de\/termine\/veranstaltungsort\/galerie-thomas-zander\/","venue":"Galerie Thomas Zander","slug":"galerie-thomas-zander","address":"Sch\u00f6nhauser Stra\u00dfe 8\u00a0\u00a0","city":"K\u00f6ln","country":"Deutschland","zip":"50968","website":"http:\/\/www.galeriezander.com\/de\/home","geo_lat":50.913785,"geo_lng":6.9699299,"json_ld":{"@type":"Place","name":"Galerie Thomas Zander","description":"","url":"https:\/\/www.meinesuedstadt.de\/termine\/veranstaltungsort\/galerie-thomas-zander\/","address":{"@type":"PostalAddress","streetAddress":"Sch\u00f6nhauser Stra\u00dfe 8\u00a0\u00a0","addressLocality":"K\u00f6ln","postalCode":"50968","addressCountry":"Deutschland"},"geo":{"@type":"GeoCoordinates","latitude":50.913785,"longitude":6.9699299},"telephone":"","sameAs":"http:\/\/www.galeriezander.com\/de\/home"},"show_map":true,"show_map_link":true,"global_id":"www.meinesuedstadt.de\/termine?id=479","global_id_lineage":["www.meinesuedstadt.de\/termine?id=479"]},"organizer":[],"custom_fields":[],"json_ld":{"@context":"http:\/\/schema.org","@type":"Event","name":"Christiane Baumgartner &#8211; The Long Goodbye","description":"&lt;p&gt;Die Ausstellung \u201eThe Long Goodbye\u201c pr\u00e4sentiert monumentale See- und Landschaftsbilder in Schwarz-Wei\u00df und Farbe. Im Mittelpunkt stehen Sonnenunterg\u00e4nge und Horizonte am Meer, die auf Christiane Baumgartners eigenen Video Stills und [&hellip;]&lt;\/p&gt;\\n","image":"https:\/\/www.meinesuedstadt.de\/termine\/wp-content\/uploads\/2026\/03\/9a21d6d6-2696-4993-b193-b8172d2cfe07.jpg","url":"https:\/\/www.meinesuedstadt.de\/termine\/event\/christiane-baumgartner-the-long-goodbye\/2026-05-01\/","eventAttendanceMode":"https:\/\/schema.org\/OfflineEventAttendanceMode","eventStatus":"https:\/\/schema.org\/EventScheduled","startDate":"2026-05-01T11:00:00+02:00","endDate":"2026-05-01T18:00:00+02:00","location":{"@type":"Place","name":"Galerie Thomas Zander","description":"","url":"https:\/\/www.meinesuedstadt.de\/termine\/veranstaltungsort\/galerie-thomas-zander\/","address":{"@type":"PostalAddress","streetAddress":"Sch\u00f6nhauser Stra\u00dfe 8\u00a0\u00a0","addressLocality":"K\u00f6ln","postalCode":"50968","addressCountry":"Deutschland"},"geo":{"@type":"GeoCoordinates","latitude":50.913785,"longitude":6.9699299},"telephone":"","sameAs":"http:\/\/www.galeriezander.com\/de\/home"},"offers":{"@type":"Offer","price":"0","priceCurrency":"USD","url":"https:\/\/www.meinesuedstadt.de\/termine\/event\/christiane-baumgartner-the-long-goodbye\/2026-05-01\/","category":"primary","availability":"inStock","validFrom":"1970-01-01T00:00:00+00:00"},"performer":"Organization"},"is_virtual":false,"virtual_url":null,"virtual_video_source":""}