{"id":82923,"global_id":"www.meinesuedstadt.de\/termine?id=82923","global_id_lineage":["www.meinesuedstadt.de\/termine?id=82923"],"author":"3","status":"publish","date":"2026-05-01 11:16:56","date_utc":"2026-05-01 09:16:56","modified":"2026-05-01 11:16:56","modified_utc":"2026-05-01 09:16:56","url":"https:\/\/www.meinesuedstadt.de\/termine\/event\/jose-maria-sert-etudes-photographiques\/2026-07-15\/","rest_url":"https:\/\/www.meinesuedstadt.de\/termine\/wp-json\/tribe\/events\/v1\/events\/82923","title":"Jos\u00e9 Mar\u00eda Sert &#8211; \u00c9tudes photographiques","description":"<p>Der heute weitgehend in Vergessenheit geratene spanische Dekorationsmaler Jos\u00e9 Mar\u00eda Sert (1874 \u2013 1945) z\u00e4hlte in der ersten H\u00e4lfte des 20. Jahrhunderts zu den schillerndsten und bestbezahlten K\u00fcnstlerfiguren seiner Zeit. Seine phantasievoll-opulenten, an der italienischen Kunst des Cinquecento orientierten Ausgestaltungen luxuri\u00f6ser Privatvillen und \u00f6ffentlicher Geb\u00e4ude machten ihn zu einem Liebling der Pariser und New Yorker Haute Vol\u00e9e. Die aus dem Nachlass Gerd Sanders stammenden Fotografien waren 1996 im Georg Kolbe Museum in Berlin ausgestellt und werden nun erstmals wieder pr\u00e4sentiert.<br \/>\nAusstellungsdauer: 30.5.-31.7.2026<\/p>","excerpt":"","slug":"jose-maria-sert-etudes-photographiques-2026-07-15","image":{"url":"https:\/\/www.meinesuedstadt.de\/termine\/wp-content\/uploads\/2026\/05\/Sert-Ausschnitt-.jpg","id":82896,"extension":"jpg","width":600,"height":305,"filesize":43372,"sizes":{"thumbnail":{"width":300,"height":153,"mime-type":"image\/jpeg","filesize":7619,"url":"https:\/\/www.meinesuedstadt.de\/termine\/wp-content\/uploads\/2026\/05\/Sert-Ausschnitt--300x153.jpg"}}},"all_day":false,"start_date":"2026-07-15 10:00:00","start_date_details":{"year":"2026","month":"07","day":"15","hour":"10","minutes":"00","seconds":"00"},"end_date":"2026-07-15 18:00:00","end_date_details":{"year":"2026","month":"07","day":"15","hour":"18","minutes":"00","seconds":"00"},"utc_start_date":"2026-07-15 08:00:00","utc_start_date_details":{"year":"2026","month":"07","day":"15","hour":"08","minutes":"00","seconds":"00"},"utc_end_date":"2026-07-15 16:00:00","utc_end_date_details":{"year":"2026","month":"07","day":"15","hour":"16","minutes":"00","seconds":"00"},"timezone":"Europe\/Berlin","timezone_abbr":"","cost":"Kostenlos","cost_details":{"currency_symbol":"\u20ac","currency_code":"USD","currency_position":"suffix","values":["0"]},"website":"","show_map":false,"show_map_link":true,"hide_from_listings":false,"sticky":false,"featured":false,"categories":[{"name":"Ausstellung","slug":"ausstellung","term_group":0,"term_taxonomy_id":43,"taxonomy":"tribe_events_cat","description":"","parent":0,"count":1785,"filter":"raw","id":43,"urls":{"self":"https:\/\/www.meinesuedstadt.de\/termine\/wp-json\/tribe\/events\/v1\/categories\/43","collection":"https:\/\/www.meinesuedstadt.de\/termine\/wp-json\/tribe\/events\/v1\/categories"}}],"tags":[],"venue":{"id":40728,"author":"3","status":"publish","date":"2022-08-26 10:14:14","date_utc":"2022-08-26 08:14:14","modified":"2022-08-26 10:14:14","modified_utc":"2022-08-26 08:14:14","url":"https:\/\/www.meinesuedstadt.de\/termine\/veranstaltungsort\/galerie-julian-sander\/","venue":"Galerie Julian Sander","slug":"galerie-julian-sander","address":"Bonner Stra\u00dfe 82","city":"K\u00f6ln","country":"Deutschland","province":"NRW","zip":"50677","stateprovince":"NRW","geo_lat":50.9171111,"geo_lng":6.9605541,"json_ld":{"@type":"Place","name":"Galerie Julian Sander","description":"","url":"https:\/\/www.meinesuedstadt.de\/termine\/veranstaltungsort\/galerie-julian-sander\/","address":{"@type":"PostalAddress","streetAddress":"Bonner Stra\u00dfe 82","addressLocality":"K\u00f6ln","addressRegion":"NRW","postalCode":"50677","addressCountry":"Deutschland"},"geo":{"@type":"GeoCoordinates","latitude":50.9171111,"longitude":6.9605541},"telephone":"","sameAs":""},"show_map":true,"show_map_link":true,"global_id":"www.meinesuedstadt.de\/termine?id=40728","global_id_lineage":["www.meinesuedstadt.de\/termine?id=40728"]},"organizer":[],"custom_fields":[],"json_ld":{"@context":"http:\/\/schema.org","@type":"Event","name":"Jos\u00e9 Mar\u00eda Sert &#8211; \u00c9tudes photographiques","description":"&lt;p&gt;Der heute weitgehend in Vergessenheit geratene spanische Dekorationsmaler Jos\u00e9 Mar\u00eda Sert (1874 \u2013 1945) z\u00e4hlte in der ersten H\u00e4lfte des 20. Jahrhunderts zu den schillerndsten und bestbezahlten K\u00fcnstlerfiguren seiner Zeit. [&hellip;]&lt;\/p&gt;\\n","image":"https:\/\/www.meinesuedstadt.de\/termine\/wp-content\/uploads\/2026\/05\/Sert-Ausschnitt-.jpg","url":"https:\/\/www.meinesuedstadt.de\/termine\/event\/jose-maria-sert-etudes-photographiques\/2026-07-15\/","eventAttendanceMode":"https:\/\/schema.org\/OfflineEventAttendanceMode","eventStatus":"https:\/\/schema.org\/EventScheduled","startDate":"2026-07-15T10:00:00+02:00","endDate":"2026-07-15T18:00:00+02:00","location":{"@type":"Place","name":"Galerie Julian Sander","description":"","url":"https:\/\/www.meinesuedstadt.de\/termine\/veranstaltungsort\/galerie-julian-sander\/","address":{"@type":"PostalAddress","streetAddress":"Bonner Stra\u00dfe 82","addressLocality":"K\u00f6ln","addressRegion":"NRW","postalCode":"50677","addressCountry":"Deutschland"},"geo":{"@type":"GeoCoordinates","latitude":50.9171111,"longitude":6.9605541},"telephone":"","sameAs":""},"offers":{"@type":"Offer","price":"0","priceCurrency":"USD","url":"https:\/\/www.meinesuedstadt.de\/termine\/event\/jose-maria-sert-etudes-photographiques\/2026-07-15\/","category":"primary","availability":"inStock","validFrom":"1970-01-01T00:00:00+00:00"},"performer":"Organization"},"is_virtual":false,"virtual_url":null,"virtual_video_source":""}