{"id":85917,"global_id":"www.meinesuedstadt.de\/termine?id=85917","global_id_lineage":["www.meinesuedstadt.de\/termine?id=85917"],"author":"3","status":"publish","date":"2026-08-29 12:27:48","date_utc":"2026-08-29 10:27:48","modified":"2026-08-29 12:28:25","modified_utc":"2026-08-29 10:28:25","url":"https:\/\/www.meinesuedstadt.de\/termine\/event\/andreas-nann-lingotto\/2026-09-06\/","rest_url":"https:\/\/www.meinesuedstadt.de\/termine\/wp-json\/tribe\/events\/v1\/events\/85917","title":"Andreas Nann &#8211; Lingotto","description":"<p>Nanns Gem\u00e4lde er\u00f6ffnen M\u00f6glichkeiten, deren Verwirklichung er uns \u00fcberl\u00e4sst. Spielerisch f\u00fchrt er uns zu einer Interpretation, indem er vereinfacht, reduziert und verschleiert. Seine Malerei zeichnet sich durch den k\u00fchnen Einsatz von Farbe und eine starke Dynamik aus. Er experimentiert mit transparenten Farbschichten, \u00dcbermalungen, dem kraftvollen Einsatz breiter Pinsel und gezeichneten Elementen.<br \/>\nManche Gem\u00e4lde strahlen Spontaneit\u00e4t, Humor und Leichtigkeit aus. Andere zeigen eine reichhaltige, ineinandergreifende Struktur, die durch mehrere Farbschichten und die haptische Qualit\u00e4t der hohen Farbdichte entsteht. Allen gemeinsam ist, dass sie eine bestimmte Referenz andeuten und dennoch geheimnisvoll bleiben.<br \/>\nAusstellungsdauer: 6.\u201327.9.2026<\/p>","excerpt":"","slug":"andreas-nann-lingotto-2026-09-06","image":{"url":"https:\/\/www.meinesuedstadt.de\/termine\/wp-content\/uploads\/2026\/08\/d642c530fa8ea347e018f019e2fdcf28.jpg","id":85916,"extension":"jpg","width":600,"height":300,"filesize":86562,"sizes":{"thumbnail":{"width":300,"height":150,"mime-type":"image\/jpeg","filesize":16960,"url":"https:\/\/www.meinesuedstadt.de\/termine\/wp-content\/uploads\/2026\/08\/d642c530fa8ea347e018f019e2fdcf28-300x150.jpg"}}},"all_day":false,"start_date":"2026-09-06 11:00:00","start_date_details":{"year":"2026","month":"09","day":"06","hour":"11","minutes":"00","seconds":"00"},"end_date":"2026-09-06 14:00:00","end_date_details":{"year":"2026","month":"09","day":"06","hour":"14","minutes":"00","seconds":"00"},"utc_start_date":"2026-09-06 09:00:00","utc_start_date_details":{"year":"2026","month":"09","day":"06","hour":"09","minutes":"00","seconds":"00"},"utc_end_date":"2026-09-06 12:00:00","utc_end_date_details":{"year":"2026","month":"09","day":"06","hour":"12","minutes":"00","seconds":"00"},"timezone":"Europe\/Berlin","timezone_abbr":"","cost":"Kostenlos","cost_details":{"currency_symbol":"\u20ac","currency_code":"USD","currency_position":"suffix","values":["0"]},"website":"","show_map":false,"show_map_link":true,"hide_from_listings":false,"sticky":false,"featured":false,"categories":[{"name":"Ausstellung","slug":"ausstellung","term_group":0,"term_taxonomy_id":43,"taxonomy":"tribe_events_cat","description":"","parent":0,"count":2234,"filter":"raw","id":43,"urls":{"self":"https:\/\/www.meinesuedstadt.de\/termine\/wp-json\/tribe\/events\/v1\/categories\/43","collection":"https:\/\/www.meinesuedstadt.de\/termine\/wp-json\/tribe\/events\/v1\/categories"}}],"tags":[],"venue":{"id":80823,"author":"3","status":"publish","date":"2026-02-06 23:07:15","date_utc":"2026-02-06 22:07:15","modified":"2026-02-06 23:07:15","modified_utc":"2026-02-06 22:07:15","url":"https:\/\/www.meinesuedstadt.de\/termine\/veranstaltungsort\/jarilager-gallery-2\/","venue":"Jarilager Gallery","slug":"jarilager-gallery-2","address":"Wormser Stra\u00dfe 23","city":"K\u00f6ln","zip":"50677","json_ld":{"@type":"Place","name":"Jarilager Gallery","description":"","url":"https:\/\/www.meinesuedstadt.de\/termine\/veranstaltungsort\/jarilager-gallery-2\/","address":{"@type":"PostalAddress","streetAddress":"Wormser Stra\u00dfe 23","addressLocality":"K\u00f6ln","postalCode":"50677"},"telephone":"","sameAs":""},"show_map":true,"show_map_link":true,"global_id":"www.meinesuedstadt.de\/termine?id=80823","global_id_lineage":["www.meinesuedstadt.de\/termine?id=80823"]},"organizer":[],"custom_fields":[],"json_ld":{"@context":"http:\/\/schema.org","@type":"Event","name":"Andreas Nann &#8211; Lingotto","description":"&lt;p&gt;Nanns Gem\u00e4lde er\u00f6ffnen M\u00f6glichkeiten, deren Verwirklichung er uns \u00fcberl\u00e4sst. Spielerisch f\u00fchrt er uns zu einer Interpretation, indem er vereinfacht, reduziert und verschleiert. Seine Malerei zeichnet sich durch den k\u00fchnen Einsatz [&hellip;]&lt;\/p&gt;\\n","image":"https:\/\/www.meinesuedstadt.de\/termine\/wp-content\/uploads\/2026\/08\/d642c530fa8ea347e018f019e2fdcf28.jpg","url":"https:\/\/www.meinesuedstadt.de\/termine\/event\/andreas-nann-lingotto\/2026-09-06\/","eventAttendanceMode":"https:\/\/schema.org\/OfflineEventAttendanceMode","eventStatus":"https:\/\/schema.org\/EventScheduled","startDate":"2026-09-06T11:00:00+02:00","endDate":"2026-09-06T14:00:00+02:00","location":{"@type":"Place","name":"Jarilager Gallery","description":"","url":"https:\/\/www.meinesuedstadt.de\/termine\/veranstaltungsort\/jarilager-gallery-2\/","address":{"@type":"PostalAddress","streetAddress":"Wormser Stra\u00dfe 23","addressLocality":"K\u00f6ln","postalCode":"50677"},"telephone":"","sameAs":""},"offers":{"@type":"Offer","price":"0","priceCurrency":"USD","url":"https:\/\/www.meinesuedstadt.de\/termine\/event\/andreas-nann-lingotto\/2026-09-06\/","category":"primary","availability":"inStock","validFrom":"2026-08-29T00:00:00+00:00"},"performer":"Organization"},"is_virtual":false,"virtual_url":null,"virtual_video_source":""}