{"id":86153,"global_id":"www.meinesuedstadt.de\/termine?id=86153","global_id_lineage":["www.meinesuedstadt.de\/termine?id=86153"],"author":"3","status":"publish","date":"2026-08-18 20:39:40","date_utc":"2026-08-18 18:39:40","modified":"2026-08-18 20:39:40","modified_utc":"2026-08-18 18:39:40","url":"https:\/\/www.meinesuedstadt.de\/termine\/event\/vaterland-zu-gast-hauptdarsteller-hanns-zischler\/2026-09-05\/","rest_url":"https:\/\/www.meinesuedstadt.de\/termine\/wp-json\/tribe\/events\/v1\/events\/86153","title":"Vaterland","description":"<p>Nach dem Ende des Zweiten Weltkriegs begeben sich Literaturnobelpreistr\u00e4ger Thomas Mann (Hanns Zischler) und seine Tochter, die Schauspielerin, Autorin und Kabarettistin Erika (Sandra H\u00fcller), auf eine Reise durch ein Deutschland in Tr\u00fcmmern \u2013 von Frankfurt in der amerikanischen Besatzungszone bis ins sowjetisch kontrollierte Weimar. Zum Goethe-Jubil\u00e4um w\u00fcnscht man sich auf beiden Seiten der innerdeutschen Grenze Worte des Trostes, der Zustimmung und der Vergebung vom gr\u00f6\u00dften aller Erz\u00e4hler. Zwischen euphorischen Wagner-Erben und literarisch versierten Gener\u00e4len wird Deutschlands wichtigster Schriftsteller hofiert und manchmal auch beschimpft, w\u00e4hrend das Drama seiner eigenen Familie leise eskaliert. Es ist das erste Mal seit dem Krieg, dass Thomas Mann in sein Heimatland zur\u00fcckkehrt, aus dem er einst ins Exil geflohen war. Eine Reise in die verwundete deutsche Seele, die heilen soll \u2013 sie wird f\u00fcr Erika und den Zauberer, wie seine Kinder Thomas Mann oft nannten, zu einer Reise ins Innerste.<\/p>","excerpt":"","slug":"vaterland-zu-gast-hauptdarsteller-hanns-zischler-2026-09-05","image":{"url":"https:\/\/www.meinesuedstadt.de\/termine\/wp-content\/uploads\/2026\/08\/4e94cb0b9a31ec96a0ca2c0668541509.jpg","id":85574,"extension":"jpg","width":600,"height":443,"filesize":86798,"sizes":{"thumbnail":{"width":300,"height":222,"mime-type":"image\/jpeg","filesize":13036,"url":"https:\/\/www.meinesuedstadt.de\/termine\/wp-content\/uploads\/2026\/08\/4e94cb0b9a31ec96a0ca2c0668541509-300x222.jpg"}}},"all_day":false,"start_date":"2026-09-05 19:30:00","start_date_details":{"year":"2026","month":"09","day":"05","hour":"19","minutes":"30","seconds":"00"},"end_date":"2026-09-05 19:30:00","end_date_details":{"year":"2026","month":"09","day":"05","hour":"19","minutes":"30","seconds":"00"},"utc_start_date":"2026-09-05 17:30:00","utc_start_date_details":{"year":"2026","month":"09","day":"05","hour":"17","minutes":"30","seconds":"00"},"utc_end_date":"2026-09-05 17:30:00","utc_end_date_details":{"year":"2026","month":"09","day":"05","hour":"17","minutes":"30","seconds":"00"},"timezone":"Europe\/Berlin","timezone_abbr":"","cost":"6\u20ac \u2013 11\u20ac","cost_details":{"currency_symbol":"\u20ac","currency_code":"USD","currency_position":"suffix","values":["6","11"]},"website":"","show_map":false,"show_map_link":true,"hide_from_listings":false,"sticky":false,"featured":false,"categories":[{"name":"Kino","slug":"kino","term_group":0,"term_taxonomy_id":82,"taxonomy":"tribe_events_cat","description":"","parent":0,"count":1064,"filter":"raw","id":82,"urls":{"self":"https:\/\/www.meinesuedstadt.de\/termine\/wp-json\/tribe\/events\/v1\/categories\/82","collection":"https:\/\/www.meinesuedstadt.de\/termine\/wp-json\/tribe\/events\/v1\/categories"}}],"tags":[],"venue":{"id":1634,"author":"3","status":"publish","date":"2018-01-08 09:38:14","date_utc":"2018-01-08 08:38:14","modified":"2018-01-08 09:38:14","modified_utc":"2018-01-08 08:38:14","url":"https:\/\/www.meinesuedstadt.de\/termine\/veranstaltungsort\/odeon-kino\/","venue":"Odeon Kino","slug":"odeon-kino","address":"Severinstra\u00dfe 81","city":"K\u00f6ln","country":"Deutschland","zip":"50678","phone":"0221 313110","website":"http:\/\/www.odeon-koeln.de","geo_lat":50.9253452,"geo_lng":6.9581313,"json_ld":{"@type":"Place","name":"Odeon Kino","description":"","url":"https:\/\/www.meinesuedstadt.de\/termine\/veranstaltungsort\/odeon-kino\/","address":{"@type":"PostalAddress","streetAddress":"Severinstra\u00dfe 81","addressLocality":"K\u00f6ln","postalCode":"50678","addressCountry":"Deutschland"},"geo":{"@type":"GeoCoordinates","latitude":50.9253452,"longitude":6.9581313},"telephone":"0221 313110","sameAs":"http:\/\/www.odeon-koeln.de"},"show_map":true,"show_map_link":true,"global_id":"www.meinesuedstadt.de\/termine?id=1634","global_id_lineage":["www.meinesuedstadt.de\/termine?id=1634"]},"organizer":[{"id":1635,"author":"3","status":"publish","date":"2018-01-08 09:38:14","date_utc":"2018-01-08 08:38:14","modified":"2018-01-08 09:38:14","modified_utc":"2018-01-08 08:38:14","url":"https:\/\/www.meinesuedstadt.de\/termine\/veranstalter\/odeon-kino\/","organizer":"Odeon Kino","slug":"odeon-kino","phone":"0221 313110","website":"http:\/\/www.odeon-koeln.de","json_ld":{"@type":"Person","name":"Odeon Kino","description":"","url":"http:\/\/www.odeon-koeln.de","telephone":"0221 313110","email":"","sameAs":"http:\/\/www.odeon-koeln.de"},"global_id":"www.meinesuedstadt.de\/termine?id=1635","global_id_lineage":["www.meinesuedstadt.de\/termine?id=1635"]}],"custom_fields":[],"json_ld":{"@context":"http:\/\/schema.org","@type":"Event","name":"Vaterland","description":"&lt;p&gt;Nach dem Ende des Zweiten Weltkriegs begeben sich Literaturnobelpreistr\u00e4ger Thomas Mann (Hanns Zischler) und seine Tochter, die Schauspielerin, Autorin und Kabarettistin Erika (Sandra H\u00fcller), auf eine Reise durch ein Deutschland [&hellip;]&lt;\/p&gt;\\n","image":"https:\/\/www.meinesuedstadt.de\/termine\/wp-content\/uploads\/2026\/08\/4e94cb0b9a31ec96a0ca2c0668541509.jpg","url":"https:\/\/www.meinesuedstadt.de\/termine\/event\/vaterland-zu-gast-hauptdarsteller-hanns-zischler\/2026-09-05\/","eventAttendanceMode":"https:\/\/schema.org\/OfflineEventAttendanceMode","eventStatus":"https:\/\/schema.org\/EventScheduled","startDate":"2026-09-05T19:30:00+02:00","endDate":"2026-09-05T19:30:00+02:00","location":{"@type":"Place","name":"Odeon Kino","description":"","url":"https:\/\/www.meinesuedstadt.de\/termine\/veranstaltungsort\/odeon-kino\/","address":{"@type":"PostalAddress","streetAddress":"Severinstra\u00dfe 81","addressLocality":"K\u00f6ln","postalCode":"50678","addressCountry":"Deutschland"},"geo":{"@type":"GeoCoordinates","latitude":50.9253452,"longitude":6.9581313},"telephone":"0221 313110","sameAs":"http:\/\/www.odeon-koeln.de"},"organizer":{"@type":"Person","name":"Odeon Kino","description":"","url":"http:\/\/www.odeon-koeln.de","telephone":"0221 313110","email":"","sameAs":"http:\/\/www.odeon-koeln.de"},"offers":{"@type":"Offer","price":"6 \u2013 11","priceCurrency":"USD","url":"https:\/\/www.meinesuedstadt.de\/termine\/event\/vaterland-zu-gast-hauptdarsteller-hanns-zischler\/2026-09-05\/","category":"primary","availability":"inStock","validFrom":"2026-08-18T00:00:00+00:00"},"performer":"Organization"},"is_virtual":false,"virtual_url":null,"virtual_video_source":""}